{"id":9483,"date":"2026-08-29T08:08:35","date_gmt":"2026-08-29T11:08:35","guid":{"rendered":"https:\/\/vcfaz.tv\/wp\/paula-fernandes-barretos-retorno-30-anos\/"},"modified":"2026-08-29T08:08:35","modified_gmt":"2026-08-29T11:08:35","slug":"paula-fernandes-barretos-retorno-30-anos","status":"publish","type":"post","link":"https:\/\/vcfaz.tv\/wp\/paula-fernandes-barretos-retorno-30-anos\/","title":{"rendered":"Paula Fernandes retorna a Barretos ap\u00f3s 10 anos com novo projeto &#8220;30 &amp; Poucos Anos&#8221;"},"content":{"rendered":"<p>Paula Fernandes retornou \u00e0 <a href=\"https:\/\/vcfaz.tv\/wp\/andressa-suita-barretos-festa-peao\/\" title=\"Andressa Suita \u00e9 tietada por f\u00e3s na Festa do Pe\u00e3o de Barretos\">Festa do Pe\u00e3o de Barretos<\/a> nesta sexta-feira (28) ap\u00f3s uma d\u00e9cada longe do palco, marcando seu anivers\u00e1rio de 42 anos com a estreia da turn\u00ea &#8220;30 &amp; Poucos Anos&#8221;, que celebra tr\u00eas d\u00e9cadas de carreira.<\/p>\n<p>A apresenta\u00e7\u00e3o no Palco Amanhecer reuniu uma multid\u00e3o de f\u00e3s que acompanharam sucessos como &#8220;Jeito de Mato&#8221;, &#8220;N\u00e3o Precisa&#8221; e &#8220;Pra Voc\u00ea&#8221;. A cantora mineira, visivelmente emocionada, agradeceu a presen\u00e7a do p\u00fablico: &#8220;Eu n\u00e3o sei voc\u00eas, mas eu estou muito, muito feliz. Estou recebendo um present\u00e3o esta noite. Mais um ano de vida e a volta a Barretos.&#8221;<\/p>\n<p>Antes do show principal, Paula entrou na arena montada em um cavalo preto na abertura do Rodeio Internacional, na quinta-feira (27), interpretando &#8220;Ave Maria&#8221; em uma apresenta\u00e7\u00e3o que emocionou o p\u00fablico. Vestida de branco, ela percorreu toda a arena com postura de amazona, enquanto o cavalo empinou v\u00e1rias vezes.<\/p>\n<figure><img decoding=\"async\" src=\"https:\/\/vcfaz.tv\/wp\/wp-content\/uploads\/2026\/08\/paula-fernandes-barretos-retorno-30-anos-inline-1.webp\" alt=\"A sertanejo singer in white dress mounted on a black horse, entering an arena at a rodeo opening ceremony, singing with emotion under floodlights, crowd silhouettes visible in the background\" loading=\"lazy\"><\/figure>\n<p>O projeto &#8220;30 &amp; Poucos Anos&#8221; foi gravado em abril de 2026 no Vibra S\u00e3o Paulo e prop\u00f5e revisitar a trajet\u00f3ria da artista, reencontrando fases importantes de sua carreira. Durante a apresenta\u00e7\u00e3o em Barretos, Paula apresentou pela primeira vez &#8220;Circo&#8221;, uma parceria in\u00e9dita com Simone Mendes, e interpretou &#8220;Era Eu&#8221;, can\u00e7\u00e3o que marca um resgate autobiogr\u00e1fico sobre seu reencontro com a crian\u00e7a que come\u00e7ou a cantar aos oito anos.<\/p>\n<p>Ao cantar &#8220;Era Eu&#8221;, Paula explicou que a m\u00fasica nasceu de uma reflex\u00e3o sobre o que diria hoje \u00e0 menina que sonhava em viver da arte. A cantora destacou que precisou abrir m\u00e3o de fases da inf\u00e2ncia e da juventude para construir a artista que se tornou, deixando o p\u00fablico emocionado enquanto ela ia \u00e0s l\u00e1grimas no palco.<\/p>\n<figure><img decoding=\"async\" src=\"https:\/\/vcfaz.tv\/wp\/wp-content\/uploads\/2026\/08\/paula-fernandes-barretos-retorno-30-anos-inline-2.webp\" alt=\"A stage spotlight on a microphone stand with silhouettes of a crowd with raised arms and phones recording, confetti suspended mid-air, warm lighting against dark background\" loading=\"lazy\"><\/figure>\n<p>A \u00faltima apresenta\u00e7\u00e3o de Paula em Barretos havia sido em 2016, quando estreou a turn\u00ea &#8220;Amanhecer&#8221;. Seu retorno ao maior rodeio da Am\u00e9rica Latina ocorre em um momento em que ela celebra as tr\u00eas d\u00e9cadas de carreira e uma fase que descreve como a mais leve de sua vida. O repert\u00f3rio mesclou cl\u00e1ssicos sertanejos, vers\u00f5es de sucessos internacionais como &#8220;Man! I Feel Like a Woman!&#8221; de Shania Twain, e m\u00fasicas contempor\u00e2neas, encerrando com &#8220;P\u00e1ssaro de Fogo&#8221;, seu maior hit, sob uma chuva de papel picado.<\/p>\n<p>Durante o show, a artista foi surpreendida com uma comemora\u00e7\u00e3o de anivers\u00e1rio em grande estilo: um bolo de quatro andares foi levado ao palco enquanto os f\u00e3s cantavam o &#8220;parab\u00e9ns&#8221;. Esse retorno a Barretos reafirma a import\u00e2ncia hist\u00f3rica do evento para sua carreira e o carinho que o p\u00fablico sertanejo mant\u00e9m pela cantora que abriu portas para narrativas femininas na m\u00fasica sertaneja.<\/p>\n<h3>Fontes<\/h3>\n<ul>\n<li><strong>G1 Ribeir\u00e3o Preto e Franca<\/strong> \u2014 cobertura completa do show de Paula Fernandes na Festa do Pe\u00e3o de Barretos, incluindo detalhes da apresenta\u00e7\u00e3o, repert\u00f3rio, bolo de anivers\u00e1rio e emo\u00e7\u00f5es do retorno<\/li>\n<li><strong>CNN Brasil<\/strong> \u2014 confirma\u00e7\u00e3o do retorno de Paula ap\u00f3s 10 anos, \u00faltima apresenta\u00e7\u00e3o em 2016 com a turn\u00ea &#8220;Amanhecer&#8221;<\/li>\n<li><strong>Globo Play \/ GShow<\/strong> \u2014 entrevistas e cobertura do projeto &#8220;30 &amp; Poucos Anos&#8221; e da participa\u00e7\u00e3o de Paula na abertura do Rodeio Internacional<\/li>\n<li><strong>Billboard Brasil<\/strong> \u2014 informa\u00e7\u00f5es sobre a grava\u00e7\u00e3o do DVD em abril de 2026 no Vibra S\u00e3o Paulo e o conceito do projeto &#8220;30 &amp; Poucos Anos&#8221;<\/li>\n<\/ul>\n\n\n<div class=\"kk-star-ratings kksr-auto kksr-align-left kksr-valign-bottom\"\n    data-payload='{&quot;align&quot;:&quot;left&quot;,&quot;id&quot;:&quot;9483&quot;,&quot;slug&quot;:&quot;default&quot;,&quot;valign&quot;:&quot;bottom&quot;,&quot;ignore&quot;:&quot;&quot;,&quot;reference&quot;:&quot;auto&quot;,&quot;class&quot;:&quot;&quot;,&quot;count&quot;:&quot;0&quot;,&quot;legendonly&quot;:&quot;&quot;,&quot;readonly&quot;:&quot;&quot;,&quot;score&quot;:&quot;0&quot;,&quot;starsonly&quot;:&quot;&quot;,&quot;best&quot;:&quot;5&quot;,&quot;gap&quot;:&quot;5&quot;,&quot;greet&quot;:&quot;Avaliar esta publica\u00e7\u00e3o&quot;,&quot;legend&quot;:&quot;0\\\/5 - (0 voto)&quot;,&quot;size&quot;:&quot;22&quot;,&quot;title&quot;:&quot;Paula Fernandes retorna a Barretos ap\u00f3s 10 anos com novo projeto \\u0026quot;30 \\u0026amp; Poucos Anos\\u0026quot;&quot;,&quot;width&quot;:&quot;0&quot;,&quot;_legend&quot;:&quot;{score}\\\/{best} - ({count} {votes})&quot;,&quot;font_factor&quot;:&quot;1.25&quot;}'>\n            \n<div class=\"kksr-stars\">\n    \n<div class=\"kksr-stars-inactive\">\n            <div class=\"kksr-star\" data-star=\"1\" style=\"padding-right: 5px\">\n            \n\n<div class=\"kksr-icon\" style=\"width: 22px; height: 22px;\"><\/div>\n        <\/div>\n            <div class=\"kksr-star\" data-star=\"2\" style=\"padding-right: 5px\">\n            \n\n<div class=\"kksr-icon\" style=\"width: 22px; height: 22px;\"><\/div>\n        <\/div>\n            <div class=\"kksr-star\" data-star=\"3\" style=\"padding-right: 5px\">\n            \n\n<div class=\"kksr-icon\" style=\"width: 22px; height: 22px;\"><\/div>\n        <\/div>\n            <div class=\"kksr-star\" data-star=\"4\" style=\"padding-right: 5px\">\n            \n\n<div class=\"kksr-icon\" style=\"width: 22px; height: 22px;\"><\/div>\n        <\/div>\n            <div class=\"kksr-star\" data-star=\"5\" style=\"padding-right: 5px\">\n            \n\n<div class=\"kksr-icon\" style=\"width: 22px; height: 22px;\"><\/div>\n        <\/div>\n    <\/div>\n    \n<div class=\"kksr-stars-active\" style=\"width: 0px;\">\n            <div class=\"kksr-star\" style=\"padding-right: 5px\">\n            \n\n<div class=\"kksr-icon\" style=\"width: 22px; height: 22px;\"><\/div>\n        <\/div>\n            <div class=\"kksr-star\" style=\"padding-right: 5px\">\n            \n\n<div class=\"kksr-icon\" style=\"width: 22px; height: 22px;\"><\/div>\n        <\/div>\n            <div class=\"kksr-star\" style=\"padding-right: 5px\">\n            \n\n<div class=\"kksr-icon\" style=\"width: 22px; height: 22px;\"><\/div>\n        <\/div>\n            <div class=\"kksr-star\" style=\"padding-right: 5px\">\n            \n\n<div class=\"kksr-icon\" style=\"width: 22px; height: 22px;\"><\/div>\n        <\/div>\n            <div class=\"kksr-star\" style=\"padding-right: 5px\">\n            \n\n<div class=\"kksr-icon\" style=\"width: 22px; height: 22px;\"><\/div>\n        <\/div>\n    <\/div>\n<\/div>\n                \n\n<div class=\"kksr-legend\" style=\"font-size: 17.6px;\">\n            <span class=\"kksr-muted\">Avaliar esta publica\u00e7\u00e3o<\/span>\n    <\/div>\n    <\/div>\n","protected":false},"excerpt":{"rendered":"<p>Paula Fernandes celebrou seu anivers\u00e1rio de 42 anos no palco, apresentando a nova turn\u00ea &#8220;30 &amp; Poucos Anos&#8221; que revisita seus 30 anos de carreira.<\/p>\n","protected":false},"author":19,"featured_media":9480,"comment_status":"open","ping_status":"open","sticky":false,"template":"","format":"standard","meta":{"footnotes":""},"categories":[12],"tags":[],"class_list":["post-9483","post","type-post","status-publish","format-standard","has-post-thumbnail","hentry","category-tendencia"],"yoast_head":"<!-- This site is optimized with the Yoast SEO plugin v26.8 - https:\/\/yoast.com\/product\/yoast-seo-wordpress\/ -->\n<title>Paula Fernandes retorna a Barretos ap\u00f3s 10 anos com novo projeto &quot;30 &amp; Poucos Anos&quot;<\/title>\n<meta name=\"description\" content=\"Paula Fernandes celebrou seu anivers\u00e1rio de 42 anos no palco, apresentando a nova turn\u00ea &quot;30 &amp; Poucos Anos&quot; que revisita seus 30 anos de carreira.\" \/>\n<meta name=\"robots\" content=\"index, follow, max-snippet:-1, max-image-preview:large, max-video-preview:-1\" \/>\n<link rel=\"canonical\" href=\"https:\/\/vcfaz.tv\/wp\/paula-fernandes-barretos-retorno-30-anos\/\" \/>\n<script type=\"application\/ld+json\" class=\"yoast-schema-graph\">{\"@context\":\"https:\/\/schema.org\",\"@graph\":[{\"@type\":\"Article\",\"@id\":\"https:\/\/vcfaz.tv\/wp\/paula-fernandes-barretos-retorno-30-anos\/#article\",\"isPartOf\":{\"@id\":\"https:\/\/vcfaz.tv\/wp\/paula-fernandes-barretos-retorno-30-anos\/\"},\"author\":{\"name\":\"Rogerio Samora\",\"@id\":\"https:\/\/vcfaz.tv\/wp\/#\/schema\/person\/d16b33b8e277ac4184b7787e4607ade5\"},\"headline\":\"Paula Fernandes retorna a Barretos ap\u00f3s 10 anos com novo projeto &#8220;30 &amp; Poucos Anos&#8221;\",\"datePublished\":\"2026-08-29T11:08:35+00:00\",\"mainEntityOfPage\":{\"@id\":\"https:\/\/vcfaz.tv\/wp\/paula-fernandes-barretos-retorno-30-anos\/\"},\"wordCount\":581,\"commentCount\":0,\"publisher\":{\"@id\":\"https:\/\/vcfaz.tv\/wp\/#organization\"},\"image\":{\"@id\":\"https:\/\/vcfaz.tv\/wp\/paula-fernandes-barretos-retorno-30-anos\/#primaryimage\"},\"thumbnailUrl\":\"https:\/\/vcfaz.tv\/wp\/wp-content\/uploads\/2026\/08\/paula-fernandes-barretos-retorno-30-anos.webp\",\"articleSection\":[\"Tendencia\"],\"inLanguage\":\"pt-BR\",\"potentialAction\":[{\"@type\":\"CommentAction\",\"name\":\"Comment\",\"target\":[\"https:\/\/vcfaz.tv\/wp\/paula-fernandes-barretos-retorno-30-anos\/#respond\"]}]},{\"@type\":\"WebPage\",\"@id\":\"https:\/\/vcfaz.tv\/wp\/paula-fernandes-barretos-retorno-30-anos\/\",\"url\":\"https:\/\/vcfaz.tv\/wp\/paula-fernandes-barretos-retorno-30-anos\/\",\"name\":\"Paula Fernandes retorna a Barretos ap\u00f3s 10 anos com novo projeto \\\"30 & Poucos Anos\\\"\",\"isPartOf\":{\"@id\":\"https:\/\/vcfaz.tv\/wp\/#website\"},\"primaryImageOfPage\":{\"@id\":\"https:\/\/vcfaz.tv\/wp\/paula-fernandes-barretos-retorno-30-anos\/#primaryimage\"},\"image\":{\"@id\":\"https:\/\/vcfaz.tv\/wp\/paula-fernandes-barretos-retorno-30-anos\/#primaryimage\"},\"thumbnailUrl\":\"https:\/\/vcfaz.tv\/wp\/wp-content\/uploads\/2026\/08\/paula-fernandes-barretos-retorno-30-anos.webp\",\"datePublished\":\"2026-08-29T11:08:35+00:00\",\"description\":\"Paula Fernandes celebrou seu anivers\u00e1rio de 42 anos no palco, apresentando a nova turn\u00ea \\\"30 & Poucos Anos\\\" que revisita seus 30 anos de carreira.\",\"breadcrumb\":{\"@id\":\"https:\/\/vcfaz.tv\/wp\/paula-fernandes-barretos-retorno-30-anos\/#breadcrumb\"},\"inLanguage\":\"pt-BR\",\"potentialAction\":[{\"@type\":\"ReadAction\",\"target\":[\"https:\/\/vcfaz.tv\/wp\/paula-fernandes-barretos-retorno-30-anos\/\"]}]},{\"@type\":\"ImageObject\",\"inLanguage\":\"pt-BR\",\"@id\":\"https:\/\/vcfaz.tv\/wp\/paula-fernandes-barretos-retorno-30-anos\/#primaryimage\",\"url\":\"https:\/\/vcfaz.tv\/wp\/wp-content\/uploads\/2026\/08\/paula-fernandes-barretos-retorno-30-anos.webp\",\"contentUrl\":\"https:\/\/vcfaz.tv\/wp\/wp-content\/uploads\/2026\/08\/paula-fernandes-barretos-retorno-30-anos.webp\",\"width\":1200,\"height\":1600,\"caption\":\"Photo : Ag\u00eancia Senado, CC BY 2.0, via Wikimedia Commons\"},{\"@type\":\"BreadcrumbList\",\"@id\":\"https:\/\/vcfaz.tv\/wp\/paula-fernandes-barretos-retorno-30-anos\/#breadcrumb\",\"itemListElement\":[{\"@type\":\"ListItem\",\"position\":1,\"name\":\"Accueil\",\"item\":\"https:\/\/vcfaz.tv\/wp\/\"},{\"@type\":\"ListItem\",\"position\":2,\"name\":\"Paula Fernandes retorna a Barretos ap\u00f3s 10 anos com novo projeto &#8220;30 &amp; Poucos Anos&#8221;\"}]},{\"@type\":\"WebSite\",\"@id\":\"https:\/\/vcfaz.tv\/wp\/#website\",\"url\":\"https:\/\/vcfaz.tv\/wp\/\",\"name\":\"VCFAZ.TV\",\"description\":\"\",\"publisher\":{\"@id\":\"https:\/\/vcfaz.tv\/wp\/#organization\"},\"potentialAction\":[{\"@type\":\"SearchAction\",\"target\":{\"@type\":\"EntryPoint\",\"urlTemplate\":\"https:\/\/vcfaz.tv\/wp\/?s={search_term_string}\"},\"query-input\":{\"@type\":\"PropertyValueSpecification\",\"valueRequired\":true,\"valueName\":\"search_term_string\"}}],\"inLanguage\":\"pt-BR\"},{\"@type\":\"Organization\",\"@id\":\"https:\/\/vcfaz.tv\/wp\/#organization\",\"name\":\"VCFAZ.TV\",\"url\":\"https:\/\/vcfaz.tv\/wp\/\",\"logo\":{\"@type\":\"ImageObject\",\"inLanguage\":\"pt-BR\",\"@id\":\"https:\/\/vcfaz.tv\/wp\/#\/schema\/logo\/image\/\",\"url\":\"https:\/\/vcfaz.tv\/wp\/wp-content\/uploads\/2024\/12\/vcfaz.tv-logo-406.jpg\",\"contentUrl\":\"https:\/\/vcfaz.tv\/wp\/wp-content\/uploads\/2024\/12\/vcfaz.tv-logo-406.jpg\",\"width\":406,\"height\":72,\"caption\":\"VCFAZ.TV\"},\"image\":{\"@id\":\"https:\/\/vcfaz.tv\/wp\/#\/schema\/logo\/image\/\"}},{\"@type\":\"Person\",\"@id\":\"https:\/\/vcfaz.tv\/wp\/#\/schema\/person\/d16b33b8e277ac4184b7787e4607ade5\",\"name\":\"Rogerio Samora\",\"image\":{\"@type\":\"ImageObject\",\"inLanguage\":\"pt-BR\",\"@id\":\"https:\/\/vcfaz.tv\/wp\/#\/schema\/person\/image\/\",\"url\":\"https:\/\/secure.gravatar.com\/avatar\/dcf13ebb8390d79ac31c96bb7d333dc0?s=96&d=mm&r=g\",\"contentUrl\":\"https:\/\/secure.gravatar.com\/avatar\/dcf13ebb8390d79ac31c96bb7d333dc0?s=96&d=mm&r=g\",\"caption\":\"Rogerio Samora\"},\"description\":\"Rogerio Samora \u00e9 um veterano do jornalismo cultural, focando seu talento na categoria \\\"Tendencia\\\" do VCFAZ.TV. Baseado em Bras\u00edlia, ele decifra as tend\u00eancias emergentes no mundo do entretenimento, trazendo aos leitores perspectivas \u00fanicas sobre o que molda os gostos e prefer\u00eancias do p\u00fablico.\",\"sameAs\":[\"https:\/\/vcfaz.tv\/wp\/author\/rogerio-samora\/\"],\"url\":\"https:\/\/vcfaz.tv\/wp\/author\/rogerio-samora\/\"}]}<\/script>\n<!-- \/ Yoast SEO plugin. -->","yoast_head_json":{"title":"Paula Fernandes retorna a Barretos ap\u00f3s 10 anos com novo projeto \"30 & Poucos Anos\"","description":"Paula Fernandes celebrou seu anivers\u00e1rio de 42 anos no palco, apresentando a nova turn\u00ea \"30 & Poucos Anos\" que revisita seus 30 anos de carreira.","robots":{"index":"index","follow":"follow","max-snippet":"max-snippet:-1","max-image-preview":"max-image-preview:large","max-video-preview":"max-video-preview:-1"},"canonical":"https:\/\/vcfaz.tv\/wp\/paula-fernandes-barretos-retorno-30-anos\/","schema":{"@context":"https:\/\/schema.org","@graph":[{"@type":"Article","@id":"https:\/\/vcfaz.tv\/wp\/paula-fernandes-barretos-retorno-30-anos\/#article","isPartOf":{"@id":"https:\/\/vcfaz.tv\/wp\/paula-fernandes-barretos-retorno-30-anos\/"},"author":{"name":"Rogerio Samora","@id":"https:\/\/vcfaz.tv\/wp\/#\/schema\/person\/d16b33b8e277ac4184b7787e4607ade5"},"headline":"Paula Fernandes retorna a Barretos ap\u00f3s 10 anos com novo projeto &#8220;30 &amp; Poucos Anos&#8221;","datePublished":"2026-08-29T11:08:35+00:00","mainEntityOfPage":{"@id":"https:\/\/vcfaz.tv\/wp\/paula-fernandes-barretos-retorno-30-anos\/"},"wordCount":581,"commentCount":0,"publisher":{"@id":"https:\/\/vcfaz.tv\/wp\/#organization"},"image":{"@id":"https:\/\/vcfaz.tv\/wp\/paula-fernandes-barretos-retorno-30-anos\/#primaryimage"},"thumbnailUrl":"https:\/\/vcfaz.tv\/wp\/wp-content\/uploads\/2026\/08\/paula-fernandes-barretos-retorno-30-anos.webp","articleSection":["Tendencia"],"inLanguage":"pt-BR","potentialAction":[{"@type":"CommentAction","name":"Comment","target":["https:\/\/vcfaz.tv\/wp\/paula-fernandes-barretos-retorno-30-anos\/#respond"]}]},{"@type":"WebPage","@id":"https:\/\/vcfaz.tv\/wp\/paula-fernandes-barretos-retorno-30-anos\/","url":"https:\/\/vcfaz.tv\/wp\/paula-fernandes-barretos-retorno-30-anos\/","name":"Paula Fernandes retorna a Barretos ap\u00f3s 10 anos com novo projeto \"30 & Poucos Anos\"","isPartOf":{"@id":"https:\/\/vcfaz.tv\/wp\/#website"},"primaryImageOfPage":{"@id":"https:\/\/vcfaz.tv\/wp\/paula-fernandes-barretos-retorno-30-anos\/#primaryimage"},"image":{"@id":"https:\/\/vcfaz.tv\/wp\/paula-fernandes-barretos-retorno-30-anos\/#primaryimage"},"thumbnailUrl":"https:\/\/vcfaz.tv\/wp\/wp-content\/uploads\/2026\/08\/paula-fernandes-barretos-retorno-30-anos.webp","datePublished":"2026-08-29T11:08:35+00:00","description":"Paula Fernandes celebrou seu anivers\u00e1rio de 42 anos no palco, apresentando a nova turn\u00ea \"30 & Poucos Anos\" que revisita seus 30 anos de carreira.","breadcrumb":{"@id":"https:\/\/vcfaz.tv\/wp\/paula-fernandes-barretos-retorno-30-anos\/#breadcrumb"},"inLanguage":"pt-BR","potentialAction":[{"@type":"ReadAction","target":["https:\/\/vcfaz.tv\/wp\/paula-fernandes-barretos-retorno-30-anos\/"]}]},{"@type":"ImageObject","inLanguage":"pt-BR","@id":"https:\/\/vcfaz.tv\/wp\/paula-fernandes-barretos-retorno-30-anos\/#primaryimage","url":"https:\/\/vcfaz.tv\/wp\/wp-content\/uploads\/2026\/08\/paula-fernandes-barretos-retorno-30-anos.webp","contentUrl":"https:\/\/vcfaz.tv\/wp\/wp-content\/uploads\/2026\/08\/paula-fernandes-barretos-retorno-30-anos.webp","width":1200,"height":1600,"caption":"Photo : Ag\u00eancia Senado, CC BY 2.0, via Wikimedia Commons"},{"@type":"BreadcrumbList","@id":"https:\/\/vcfaz.tv\/wp\/paula-fernandes-barretos-retorno-30-anos\/#breadcrumb","itemListElement":[{"@type":"ListItem","position":1,"name":"Accueil","item":"https:\/\/vcfaz.tv\/wp\/"},{"@type":"ListItem","position":2,"name":"Paula Fernandes retorna a Barretos ap\u00f3s 10 anos com novo projeto &#8220;30 &amp; Poucos Anos&#8221;"}]},{"@type":"WebSite","@id":"https:\/\/vcfaz.tv\/wp\/#website","url":"https:\/\/vcfaz.tv\/wp\/","name":"VCFAZ.TV","description":"","publisher":{"@id":"https:\/\/vcfaz.tv\/wp\/#organization"},"potentialAction":[{"@type":"SearchAction","target":{"@type":"EntryPoint","urlTemplate":"https:\/\/vcfaz.tv\/wp\/?s={search_term_string}"},"query-input":{"@type":"PropertyValueSpecification","valueRequired":true,"valueName":"search_term_string"}}],"inLanguage":"pt-BR"},{"@type":"Organization","@id":"https:\/\/vcfaz.tv\/wp\/#organization","name":"VCFAZ.TV","url":"https:\/\/vcfaz.tv\/wp\/","logo":{"@type":"ImageObject","inLanguage":"pt-BR","@id":"https:\/\/vcfaz.tv\/wp\/#\/schema\/logo\/image\/","url":"https:\/\/vcfaz.tv\/wp\/wp-content\/uploads\/2024\/12\/vcfaz.tv-logo-406.jpg","contentUrl":"https:\/\/vcfaz.tv\/wp\/wp-content\/uploads\/2024\/12\/vcfaz.tv-logo-406.jpg","width":406,"height":72,"caption":"VCFAZ.TV"},"image":{"@id":"https:\/\/vcfaz.tv\/wp\/#\/schema\/logo\/image\/"}},{"@type":"Person","@id":"https:\/\/vcfaz.tv\/wp\/#\/schema\/person\/d16b33b8e277ac4184b7787e4607ade5","name":"Rogerio Samora","image":{"@type":"ImageObject","inLanguage":"pt-BR","@id":"https:\/\/vcfaz.tv\/wp\/#\/schema\/person\/image\/","url":"https:\/\/secure.gravatar.com\/avatar\/dcf13ebb8390d79ac31c96bb7d333dc0?s=96&d=mm&r=g","contentUrl":"https:\/\/secure.gravatar.com\/avatar\/dcf13ebb8390d79ac31c96bb7d333dc0?s=96&d=mm&r=g","caption":"Rogerio Samora"},"description":"Rogerio Samora \u00e9 um veterano do jornalismo cultural, focando seu talento na categoria \"Tendencia\" do VCFAZ.TV. Baseado em Bras\u00edlia, ele decifra as tend\u00eancias emergentes no mundo do entretenimento, trazendo aos leitores perspectivas \u00fanicas sobre o que molda os gostos e prefer\u00eancias do p\u00fablico.","sameAs":["https:\/\/vcfaz.tv\/wp\/author\/rogerio-samora\/"],"url":"https:\/\/vcfaz.tv\/wp\/author\/rogerio-samora\/"}]}},"_links":{"self":[{"href":"https:\/\/vcfaz.tv\/wp\/wp-json\/wp\/v2\/posts\/9483","targetHints":{"allow":["GET"]}}],"collection":[{"href":"https:\/\/vcfaz.tv\/wp\/wp-json\/wp\/v2\/posts"}],"about":[{"href":"https:\/\/vcfaz.tv\/wp\/wp-json\/wp\/v2\/types\/post"}],"author":[{"embeddable":true,"href":"https:\/\/vcfaz.tv\/wp\/wp-json\/wp\/v2\/users\/19"}],"replies":[{"embeddable":true,"href":"https:\/\/vcfaz.tv\/wp\/wp-json\/wp\/v2\/comments?post=9483"}],"version-history":[{"count":0,"href":"https:\/\/vcfaz.tv\/wp\/wp-json\/wp\/v2\/posts\/9483\/revisions"}],"wp:featuredmedia":[{"embeddable":true,"href":"https:\/\/vcfaz.tv\/wp\/wp-json\/wp\/v2\/media\/9480"}],"wp:attachment":[{"href":"https:\/\/vcfaz.tv\/wp\/wp-json\/wp\/v2\/media?parent=9483"}],"wp:term":[{"taxonomy":"category","embeddable":true,"href":"https:\/\/vcfaz.tv\/wp\/wp-json\/wp\/v2\/categories?post=9483"},{"taxonomy":"post_tag","embeddable":true,"href":"https:\/\/vcfaz.tv\/wp\/wp-json\/wp\/v2\/tags?post=9483"}],"curies":[{"name":"wp","href":"https:\/\/api.w.org\/{rel}","templated":true}]}}