{"id":9533,"date":"2026-08-30T06:19:58","date_gmt":"2026-08-30T09:19:58","guid":{"rendered":"https:\/\/vcfaz.tv\/wp\/globo-programacao-eleicoes-2026\/"},"modified":"2026-08-30T06:19:58","modified_gmt":"2026-08-30T09:19:58","slug":"globo-programacao-eleicoes-2026","status":"publish","type":"post","link":"https:\/\/vcfaz.tv\/wp\/globo-programacao-eleicoes-2026\/","title":{"rendered":"Globo altera programa\u00e7\u00e3o com in\u00edcio do hor\u00e1rio eleitoral em 28 de agosto"},"content":{"rendered":"<p>A TV Globo alterou sua programa\u00e7\u00e3o a partir de 28 de agosto para acomodar a cobertura das elei\u00e7\u00f5es de 2026, com o in\u00edcio do hor\u00e1rio eleitoral gratuito no r\u00e1dio e na televis\u00e3o. A novela &#8220;Quem Ama Cuida&#8221;, normalmente exibida \u00e0s 21h20, foi deslocada para 21h50, logo ap\u00f3s o Jornal Nacional, para dar espa\u00e7o \u00e0s entrevistas com candidatos \u00e0 Presid\u00eancia da Rep\u00fablica.<\/p>\n<p>O hor\u00e1rio eleitoral gratuito come\u00e7ou nesta sexta-feira, 28 de agosto, e segue at\u00e9 1\u00ba de outubro de 2026, conforme estabelecido pelo Tribunal Superior Eleitoral (TSE). Durante este per\u00edodo, a propaganda eleitoral \u00e9 veiculada obrigatoriamente em r\u00e1dios e emissoras de televis\u00e3o do pa\u00eds, alterando as grades de programa\u00e7\u00e3o das principais emissoras.<\/p>\n<figure><img decoding=\"async\" src=\"https:\/\/vcfaz.tv\/wp\/wp-content\/uploads\/2026\/08\/globo-programacao-eleicoes-2026-inline-1.webp\" alt=\"Television studio with broadcasting equipment, newsroom desk, and soft studio lighting, evening broadcast setup ready for live transmission\" loading=\"lazy\"><\/figure>\n<p>A mudan\u00e7a na programa\u00e7\u00e3o da Globo ocorreu para abrigar <a href=\"https:\/\/vcfaz.tv\/wp\/globo-augusto-cury-entrevista-sabado\/\">as entrevistas com candidatos presidenciais<\/a>, conduzidas pelos jornalistas Renata Vasconcellos e C\u00e9sar Tralli. Entre 24 e 29 de agosto, seis candidatos \u00e0 Presid\u00eancia foram entrevistados: Lula (PT), Fl\u00e1vio Bolsonaro (PL), Ronaldo Caiado (Uni\u00e3o), Renan Santos (Miss\u00e3o), Augusto Cury (Avante) e um sexto candidato. As entrevistas foram transmitidas ao vivo, imediatamente ap\u00f3s o Jornal Nacional, com dura\u00e7\u00e3o aproximada de 30 minutos cada.<\/p>\n<p>Al\u00e9m de &#8220;Quem Ama Cuida&#8221;, outras produ\u00e7\u00f5es tamb\u00e9m tiveram ajustes. O Jornal Nacional continuou sendo exibido em seu hor\u00e1rio tradicional, mas com a adi\u00e7\u00e3o dos blocos de entrevistas logo ap\u00f3s o encerramento do telejornal. <a href=\"https:\/\/vcfaz.tv\/wp\/quem-ama-cuida-horario-26-agosto\/\">A novela<\/a> tamb\u00e9m teve varia\u00e7\u00f5es nos hor\u00e1rios durante a semana, com exibi\u00e7\u00f5es \u00e0s 21h50 de segunda a quinta-feira e 20h55 na quarta-feira, refletindo a necessidade de acomoda\u00e7\u00e3o da grade.<\/p>\n<figure><img decoding=\"async\" src=\"https:\/\/vcfaz.tv\/wp\/wp-content\/uploads\/2026\/08\/globo-programacao-eleicoes-2026-inline-2.webp\" alt=\"Evening newsroom with anchors at desk, papers and monitors visible, soft warm studio lighting, professional broadcast setting\" loading=\"lazy\"><\/figure>\n<p>Este tipo de altera\u00e7\u00e3o \u00e9 comum em per\u00edodos eleitorais. O hor\u00e1rio eleitoral gratuito \u00e9 uma obriga\u00e7\u00e3o legal para todas as emissoras de r\u00e1dio e televis\u00e3o, estabelecida pela Lei das Elei\u00e7\u00f5es. A propaganda \u00e9 dividida em blocos de 12 minutos e 30 segundos para candidatos \u00e0 Presid\u00eancia, com apresenta\u00e7\u00f5es ordenadas conforme sorteio realizado pelo TSE.<\/p>\n<p>A cobertura eleitoral da Globo faz parte de sua responsabilidade como maior emissora de televis\u00e3o do Brasil. <a href=\"https:\/\/vcfaz.tv\/wp\/globo-lula-entrevista-ao-vivo\/\">A entrevista<\/a> com o presidente Lula foi realizada na quinta-feira, fechando a s\u00e9rie de conversas com os principais candidatos. As transmiss\u00f5es foram feitas simultaneamente pela TV Globo, GloboNews e plataformas digitais, garantindo amplo alcance do p\u00fablico.<\/p>\n<h3>Fontes<\/h3>\n<ul>\n<li><strong>Tribunal Superior Eleitoral (TSE)<\/strong> \u2014 confirmou que o hor\u00e1rio eleitoral gratuito come\u00e7ou em 28 de agosto e segue at\u00e9 1\u00ba de outubro de 2026<\/li>\n<li><strong>G1 Globo<\/strong> \u2014 detalhou as entrevistas com candidatos presidenciais conduzidas por Renata Vasconcellos e C\u00e9sar Tralli<\/li>\n<li><strong>Folha de S.Paulo<\/strong> \u2014 informou sobre as altera\u00e7\u00f5es no hor\u00e1rio de &#8220;Quem Ama Cuida&#8221; devido \u00e0s entrevistas eleitorais<\/li>\n<li><strong>Not\u00edcias da TV (UOL)<\/strong> \u2014 relatou as mudan\u00e7as na programa\u00e7\u00e3o da Globo relacionadas \u00e0 cobertura eleitoral<\/li>\n<li><strong>Associa\u00e7\u00e3o Brasileira de Emissoras de R\u00e1dio e Televis\u00e3o (ABERT)<\/strong> \u2014 confirmou o in\u00edcio do hor\u00e1rio eleitoral gratuito em 28 de agosto nas emissoras nacionais<\/li>\n<\/ul>\n\n\n<div class=\"kk-star-ratings kksr-auto kksr-align-left kksr-valign-bottom\"\n    data-payload='{&quot;align&quot;:&quot;left&quot;,&quot;id&quot;:&quot;9533&quot;,&quot;slug&quot;:&quot;default&quot;,&quot;valign&quot;:&quot;bottom&quot;,&quot;ignore&quot;:&quot;&quot;,&quot;reference&quot;:&quot;auto&quot;,&quot;class&quot;:&quot;&quot;,&quot;count&quot;:&quot;0&quot;,&quot;legendonly&quot;:&quot;&quot;,&quot;readonly&quot;:&quot;&quot;,&quot;score&quot;:&quot;0&quot;,&quot;starsonly&quot;:&quot;&quot;,&quot;best&quot;:&quot;5&quot;,&quot;gap&quot;:&quot;5&quot;,&quot;greet&quot;:&quot;Avaliar esta publica\u00e7\u00e3o&quot;,&quot;legend&quot;:&quot;0\\\/5 - (0 voto)&quot;,&quot;size&quot;:&quot;22&quot;,&quot;title&quot;:&quot;Globo altera programa\u00e7\u00e3o com in\u00edcio do hor\u00e1rio eleitoral em 28 de agosto&quot;,&quot;width&quot;:&quot;0&quot;,&quot;_legend&quot;:&quot;{score}\\\/{best} - ({count} {votes})&quot;,&quot;font_factor&quot;:&quot;1.25&quot;}'>\n            \n<div class=\"kksr-stars\">\n    \n<div class=\"kksr-stars-inactive\">\n            <div class=\"kksr-star\" data-star=\"1\" style=\"padding-right: 5px\">\n            \n\n<div class=\"kksr-icon\" style=\"width: 22px; height: 22px;\"><\/div>\n        <\/div>\n            <div class=\"kksr-star\" data-star=\"2\" style=\"padding-right: 5px\">\n            \n\n<div class=\"kksr-icon\" style=\"width: 22px; height: 22px;\"><\/div>\n        <\/div>\n            <div class=\"kksr-star\" data-star=\"3\" style=\"padding-right: 5px\">\n            \n\n<div class=\"kksr-icon\" style=\"width: 22px; height: 22px;\"><\/div>\n        <\/div>\n            <div class=\"kksr-star\" data-star=\"4\" style=\"padding-right: 5px\">\n            \n\n<div class=\"kksr-icon\" style=\"width: 22px; height: 22px;\"><\/div>\n        <\/div>\n            <div class=\"kksr-star\" data-star=\"5\" style=\"padding-right: 5px\">\n            \n\n<div class=\"kksr-icon\" style=\"width: 22px; height: 22px;\"><\/div>\n        <\/div>\n    <\/div>\n    \n<div class=\"kksr-stars-active\" style=\"width: 0px;\">\n            <div class=\"kksr-star\" style=\"padding-right: 5px\">\n            \n\n<div class=\"kksr-icon\" style=\"width: 22px; height: 22px;\"><\/div>\n        <\/div>\n            <div class=\"kksr-star\" style=\"padding-right: 5px\">\n            \n\n<div class=\"kksr-icon\" style=\"width: 22px; height: 22px;\"><\/div>\n        <\/div>\n            <div class=\"kksr-star\" style=\"padding-right: 5px\">\n            \n\n<div class=\"kksr-icon\" style=\"width: 22px; height: 22px;\"><\/div>\n        <\/div>\n            <div class=\"kksr-star\" style=\"padding-right: 5px\">\n            \n\n<div class=\"kksr-icon\" style=\"width: 22px; height: 22px;\"><\/div>\n        <\/div>\n            <div class=\"kksr-star\" style=\"padding-right: 5px\">\n            \n\n<div class=\"kksr-icon\" style=\"width: 22px; height: 22px;\"><\/div>\n        <\/div>\n    <\/div>\n<\/div>\n                \n\n<div class=\"kksr-legend\" style=\"font-size: 17.6px;\">\n            <span class=\"kksr-muted\">Avaliar esta publica\u00e7\u00e3o<\/span>\n    <\/div>\n    <\/div>\n","protected":false},"excerpt":{"rendered":"<p>A s\u00e9rie de entrevistas com candidatos presidenciais foi conduzida por Renata Vasconcellos e C\u00e9sar Tralli, transmitida ao vivo logo ap\u00f3s o Jornal Nacional.<\/p>\n","protected":false},"author":21,"featured_media":9530,"comment_status":"open","ping_status":"open","sticky":false,"template":"","format":"standard","meta":{"footnotes":""},"categories":[12],"tags":[],"class_list":["post-9533","post","type-post","status-publish","format-standard","has-post-thumbnail","hentry","category-tendencia"],"yoast_head":"<!-- This site is optimized with the Yoast SEO plugin v26.8 - https:\/\/yoast.com\/product\/yoast-seo-wordpress\/ -->\n<title>Globo altera programa\u00e7\u00e3o com in\u00edcio do hor\u00e1rio eleitoral em 28 de agosto<\/title>\n<meta name=\"description\" content=\"A s\u00e9rie de entrevistas com candidatos presidenciais foi conduzida por Renata Vasconcellos e C\u00e9sar Tralli, transmitida ao vivo logo ap\u00f3s o Jornal Nacional.\" \/>\n<meta name=\"robots\" content=\"index, follow, max-snippet:-1, max-image-preview:large, max-video-preview:-1\" \/>\n<link rel=\"canonical\" href=\"https:\/\/vcfaz.tv\/wp\/globo-programacao-eleicoes-2026\/\" \/>\n<script type=\"application\/ld+json\" class=\"yoast-schema-graph\">{\"@context\":\"https:\/\/schema.org\",\"@graph\":[{\"@type\":\"Article\",\"@id\":\"https:\/\/vcfaz.tv\/wp\/globo-programacao-eleicoes-2026\/#article\",\"isPartOf\":{\"@id\":\"https:\/\/vcfaz.tv\/wp\/globo-programacao-eleicoes-2026\/\"},\"author\":{\"name\":\"editor\",\"@id\":\"https:\/\/vcfaz.tv\/wp\/#\/schema\/person\/5c8fda427bdd42c9ebd21582adb9c130\"},\"headline\":\"Globo altera programa\u00e7\u00e3o com in\u00edcio do hor\u00e1rio eleitoral em 28 de agosto\",\"datePublished\":\"2026-08-30T09:19:58+00:00\",\"mainEntityOfPage\":{\"@id\":\"https:\/\/vcfaz.tv\/wp\/globo-programacao-eleicoes-2026\/\"},\"wordCount\":501,\"commentCount\":0,\"publisher\":{\"@id\":\"https:\/\/vcfaz.tv\/wp\/#organization\"},\"image\":{\"@id\":\"https:\/\/vcfaz.tv\/wp\/globo-programacao-eleicoes-2026\/#primaryimage\"},\"thumbnailUrl\":\"https:\/\/vcfaz.tv\/wp\/wp-content\/uploads\/2026\/08\/globo-programacao-eleicoes-2026.webp\",\"articleSection\":[\"Tendencia\"],\"inLanguage\":\"pt-BR\",\"potentialAction\":[{\"@type\":\"CommentAction\",\"name\":\"Comment\",\"target\":[\"https:\/\/vcfaz.tv\/wp\/globo-programacao-eleicoes-2026\/#respond\"]}]},{\"@type\":\"WebPage\",\"@id\":\"https:\/\/vcfaz.tv\/wp\/globo-programacao-eleicoes-2026\/\",\"url\":\"https:\/\/vcfaz.tv\/wp\/globo-programacao-eleicoes-2026\/\",\"name\":\"Globo altera programa\u00e7\u00e3o com in\u00edcio do hor\u00e1rio eleitoral em 28 de agosto\",\"isPartOf\":{\"@id\":\"https:\/\/vcfaz.tv\/wp\/#website\"},\"primaryImageOfPage\":{\"@id\":\"https:\/\/vcfaz.tv\/wp\/globo-programacao-eleicoes-2026\/#primaryimage\"},\"image\":{\"@id\":\"https:\/\/vcfaz.tv\/wp\/globo-programacao-eleicoes-2026\/#primaryimage\"},\"thumbnailUrl\":\"https:\/\/vcfaz.tv\/wp\/wp-content\/uploads\/2026\/08\/globo-programacao-eleicoes-2026.webp\",\"datePublished\":\"2026-08-30T09:19:58+00:00\",\"description\":\"A s\u00e9rie de entrevistas com candidatos presidenciais foi conduzida por Renata Vasconcellos e C\u00e9sar Tralli, transmitida ao vivo logo ap\u00f3s o Jornal Nacional.\",\"breadcrumb\":{\"@id\":\"https:\/\/vcfaz.tv\/wp\/globo-programacao-eleicoes-2026\/#breadcrumb\"},\"inLanguage\":\"pt-BR\",\"potentialAction\":[{\"@type\":\"ReadAction\",\"target\":[\"https:\/\/vcfaz.tv\/wp\/globo-programacao-eleicoes-2026\/\"]}]},{\"@type\":\"ImageObject\",\"inLanguage\":\"pt-BR\",\"@id\":\"https:\/\/vcfaz.tv\/wp\/globo-programacao-eleicoes-2026\/#primaryimage\",\"url\":\"https:\/\/vcfaz.tv\/wp\/wp-content\/uploads\/2026\/08\/globo-programacao-eleicoes-2026.webp\",\"contentUrl\":\"https:\/\/vcfaz.tv\/wp\/wp-content\/uploads\/2026\/08\/globo-programacao-eleicoes-2026.webp\",\"width\":1200,\"height\":900,\"caption\":\"Photo : Doll91939, CC BY-SA 4.0, via Wikimedia Commons\"},{\"@type\":\"BreadcrumbList\",\"@id\":\"https:\/\/vcfaz.tv\/wp\/globo-programacao-eleicoes-2026\/#breadcrumb\",\"itemListElement\":[{\"@type\":\"ListItem\",\"position\":1,\"name\":\"Accueil\",\"item\":\"https:\/\/vcfaz.tv\/wp\/\"},{\"@type\":\"ListItem\",\"position\":2,\"name\":\"Globo altera programa\u00e7\u00e3o com in\u00edcio do hor\u00e1rio eleitoral em 28 de agosto\"}]},{\"@type\":\"WebSite\",\"@id\":\"https:\/\/vcfaz.tv\/wp\/#website\",\"url\":\"https:\/\/vcfaz.tv\/wp\/\",\"name\":\"VCFAZ.TV\",\"description\":\"\",\"publisher\":{\"@id\":\"https:\/\/vcfaz.tv\/wp\/#organization\"},\"potentialAction\":[{\"@type\":\"SearchAction\",\"target\":{\"@type\":\"EntryPoint\",\"urlTemplate\":\"https:\/\/vcfaz.tv\/wp\/?s={search_term_string}\"},\"query-input\":{\"@type\":\"PropertyValueSpecification\",\"valueRequired\":true,\"valueName\":\"search_term_string\"}}],\"inLanguage\":\"pt-BR\"},{\"@type\":\"Organization\",\"@id\":\"https:\/\/vcfaz.tv\/wp\/#organization\",\"name\":\"VCFAZ.TV\",\"url\":\"https:\/\/vcfaz.tv\/wp\/\",\"logo\":{\"@type\":\"ImageObject\",\"inLanguage\":\"pt-BR\",\"@id\":\"https:\/\/vcfaz.tv\/wp\/#\/schema\/logo\/image\/\",\"url\":\"https:\/\/vcfaz.tv\/wp\/wp-content\/uploads\/2024\/12\/vcfaz.tv-logo-406.jpg\",\"contentUrl\":\"https:\/\/vcfaz.tv\/wp\/wp-content\/uploads\/2024\/12\/vcfaz.tv-logo-406.jpg\",\"width\":406,\"height\":72,\"caption\":\"VCFAZ.TV\"},\"image\":{\"@id\":\"https:\/\/vcfaz.tv\/wp\/#\/schema\/logo\/image\/\"}},{\"@type\":\"Person\",\"@id\":\"https:\/\/vcfaz.tv\/wp\/#\/schema\/person\/5c8fda427bdd42c9ebd21582adb9c130\",\"name\":\"editor\",\"image\":{\"@type\":\"ImageObject\",\"inLanguage\":\"pt-BR\",\"@id\":\"https:\/\/vcfaz.tv\/wp\/#\/schema\/person\/image\/\",\"url\":\"https:\/\/secure.gravatar.com\/avatar\/8562e4c9a96eb72dcb03b3b35663c7b5?s=96&d=mm&r=g\",\"contentUrl\":\"https:\/\/secure.gravatar.com\/avatar\/8562e4c9a96eb72dcb03b3b35663c7b5?s=96&d=mm&r=g\",\"caption\":\"editor\"},\"url\":\"https:\/\/vcfaz.tv\/wp\/author\/editor\/\"}]}<\/script>\n<!-- \/ Yoast SEO plugin. -->","yoast_head_json":{"title":"Globo altera programa\u00e7\u00e3o com in\u00edcio do hor\u00e1rio eleitoral em 28 de agosto","description":"A s\u00e9rie de entrevistas com candidatos presidenciais foi conduzida por Renata Vasconcellos e C\u00e9sar Tralli, transmitida ao vivo logo ap\u00f3s o Jornal Nacional.","robots":{"index":"index","follow":"follow","max-snippet":"max-snippet:-1","max-image-preview":"max-image-preview:large","max-video-preview":"max-video-preview:-1"},"canonical":"https:\/\/vcfaz.tv\/wp\/globo-programacao-eleicoes-2026\/","schema":{"@context":"https:\/\/schema.org","@graph":[{"@type":"Article","@id":"https:\/\/vcfaz.tv\/wp\/globo-programacao-eleicoes-2026\/#article","isPartOf":{"@id":"https:\/\/vcfaz.tv\/wp\/globo-programacao-eleicoes-2026\/"},"author":{"name":"editor","@id":"https:\/\/vcfaz.tv\/wp\/#\/schema\/person\/5c8fda427bdd42c9ebd21582adb9c130"},"headline":"Globo altera programa\u00e7\u00e3o com in\u00edcio do hor\u00e1rio eleitoral em 28 de agosto","datePublished":"2026-08-30T09:19:58+00:00","mainEntityOfPage":{"@id":"https:\/\/vcfaz.tv\/wp\/globo-programacao-eleicoes-2026\/"},"wordCount":501,"commentCount":0,"publisher":{"@id":"https:\/\/vcfaz.tv\/wp\/#organization"},"image":{"@id":"https:\/\/vcfaz.tv\/wp\/globo-programacao-eleicoes-2026\/#primaryimage"},"thumbnailUrl":"https:\/\/vcfaz.tv\/wp\/wp-content\/uploads\/2026\/08\/globo-programacao-eleicoes-2026.webp","articleSection":["Tendencia"],"inLanguage":"pt-BR","potentialAction":[{"@type":"CommentAction","name":"Comment","target":["https:\/\/vcfaz.tv\/wp\/globo-programacao-eleicoes-2026\/#respond"]}]},{"@type":"WebPage","@id":"https:\/\/vcfaz.tv\/wp\/globo-programacao-eleicoes-2026\/","url":"https:\/\/vcfaz.tv\/wp\/globo-programacao-eleicoes-2026\/","name":"Globo altera programa\u00e7\u00e3o com in\u00edcio do hor\u00e1rio eleitoral em 28 de agosto","isPartOf":{"@id":"https:\/\/vcfaz.tv\/wp\/#website"},"primaryImageOfPage":{"@id":"https:\/\/vcfaz.tv\/wp\/globo-programacao-eleicoes-2026\/#primaryimage"},"image":{"@id":"https:\/\/vcfaz.tv\/wp\/globo-programacao-eleicoes-2026\/#primaryimage"},"thumbnailUrl":"https:\/\/vcfaz.tv\/wp\/wp-content\/uploads\/2026\/08\/globo-programacao-eleicoes-2026.webp","datePublished":"2026-08-30T09:19:58+00:00","description":"A s\u00e9rie de entrevistas com candidatos presidenciais foi conduzida por Renata Vasconcellos e C\u00e9sar Tralli, transmitida ao vivo logo ap\u00f3s o Jornal Nacional.","breadcrumb":{"@id":"https:\/\/vcfaz.tv\/wp\/globo-programacao-eleicoes-2026\/#breadcrumb"},"inLanguage":"pt-BR","potentialAction":[{"@type":"ReadAction","target":["https:\/\/vcfaz.tv\/wp\/globo-programacao-eleicoes-2026\/"]}]},{"@type":"ImageObject","inLanguage":"pt-BR","@id":"https:\/\/vcfaz.tv\/wp\/globo-programacao-eleicoes-2026\/#primaryimage","url":"https:\/\/vcfaz.tv\/wp\/wp-content\/uploads\/2026\/08\/globo-programacao-eleicoes-2026.webp","contentUrl":"https:\/\/vcfaz.tv\/wp\/wp-content\/uploads\/2026\/08\/globo-programacao-eleicoes-2026.webp","width":1200,"height":900,"caption":"Photo : Doll91939, CC BY-SA 4.0, via Wikimedia Commons"},{"@type":"BreadcrumbList","@id":"https:\/\/vcfaz.tv\/wp\/globo-programacao-eleicoes-2026\/#breadcrumb","itemListElement":[{"@type":"ListItem","position":1,"name":"Accueil","item":"https:\/\/vcfaz.tv\/wp\/"},{"@type":"ListItem","position":2,"name":"Globo altera programa\u00e7\u00e3o com in\u00edcio do hor\u00e1rio eleitoral em 28 de agosto"}]},{"@type":"WebSite","@id":"https:\/\/vcfaz.tv\/wp\/#website","url":"https:\/\/vcfaz.tv\/wp\/","name":"VCFAZ.TV","description":"","publisher":{"@id":"https:\/\/vcfaz.tv\/wp\/#organization"},"potentialAction":[{"@type":"SearchAction","target":{"@type":"EntryPoint","urlTemplate":"https:\/\/vcfaz.tv\/wp\/?s={search_term_string}"},"query-input":{"@type":"PropertyValueSpecification","valueRequired":true,"valueName":"search_term_string"}}],"inLanguage":"pt-BR"},{"@type":"Organization","@id":"https:\/\/vcfaz.tv\/wp\/#organization","name":"VCFAZ.TV","url":"https:\/\/vcfaz.tv\/wp\/","logo":{"@type":"ImageObject","inLanguage":"pt-BR","@id":"https:\/\/vcfaz.tv\/wp\/#\/schema\/logo\/image\/","url":"https:\/\/vcfaz.tv\/wp\/wp-content\/uploads\/2024\/12\/vcfaz.tv-logo-406.jpg","contentUrl":"https:\/\/vcfaz.tv\/wp\/wp-content\/uploads\/2024\/12\/vcfaz.tv-logo-406.jpg","width":406,"height":72,"caption":"VCFAZ.TV"},"image":{"@id":"https:\/\/vcfaz.tv\/wp\/#\/schema\/logo\/image\/"}},{"@type":"Person","@id":"https:\/\/vcfaz.tv\/wp\/#\/schema\/person\/5c8fda427bdd42c9ebd21582adb9c130","name":"editor","image":{"@type":"ImageObject","inLanguage":"pt-BR","@id":"https:\/\/vcfaz.tv\/wp\/#\/schema\/person\/image\/","url":"https:\/\/secure.gravatar.com\/avatar\/8562e4c9a96eb72dcb03b3b35663c7b5?s=96&d=mm&r=g","contentUrl":"https:\/\/secure.gravatar.com\/avatar\/8562e4c9a96eb72dcb03b3b35663c7b5?s=96&d=mm&r=g","caption":"editor"},"url":"https:\/\/vcfaz.tv\/wp\/author\/editor\/"}]}},"_links":{"self":[{"href":"https:\/\/vcfaz.tv\/wp\/wp-json\/wp\/v2\/posts\/9533","targetHints":{"allow":["GET"]}}],"collection":[{"href":"https:\/\/vcfaz.tv\/wp\/wp-json\/wp\/v2\/posts"}],"about":[{"href":"https:\/\/vcfaz.tv\/wp\/wp-json\/wp\/v2\/types\/post"}],"author":[{"embeddable":true,"href":"https:\/\/vcfaz.tv\/wp\/wp-json\/wp\/v2\/users\/21"}],"replies":[{"embeddable":true,"href":"https:\/\/vcfaz.tv\/wp\/wp-json\/wp\/v2\/comments?post=9533"}],"version-history":[{"count":0,"href":"https:\/\/vcfaz.tv\/wp\/wp-json\/wp\/v2\/posts\/9533\/revisions"}],"wp:featuredmedia":[{"embeddable":true,"href":"https:\/\/vcfaz.tv\/wp\/wp-json\/wp\/v2\/media\/9530"}],"wp:attachment":[{"href":"https:\/\/vcfaz.tv\/wp\/wp-json\/wp\/v2\/media?parent=9533"}],"wp:term":[{"taxonomy":"category","embeddable":true,"href":"https:\/\/vcfaz.tv\/wp\/wp-json\/wp\/v2\/categories?post=9533"},{"taxonomy":"post_tag","embeddable":true,"href":"https:\/\/vcfaz.tv\/wp\/wp-json\/wp\/v2\/tags?post=9533"}],"curies":[{"name":"wp","href":"https:\/\/api.w.org\/{rel}","templated":true}]}}