{"id":9537,"date":"2026-08-30T06:22:39","date_gmt":"2026-08-30T09:22:39","guid":{"rendered":"https:\/\/vcfaz.tv\/wp\/alinne-moraes-por-voce-vila\/"},"modified":"2026-08-30T06:22:39","modified_gmt":"2026-08-30T09:22:39","slug":"alinne-moraes-por-voce-vila","status":"publish","type":"post","link":"https:\/\/vcfaz.tv\/wp\/alinne-moraes-por-voce-vila\/","title":{"rendered":"Alinne Moraes volta \u00e0s novelas como vil\u00e3 em &#8220;Por Voc\u00ea&#8221;"},"content":{"rendered":"<p>Alinne Moraes retorna \u00e0s novelas da TV Globo nesta segunda-feira, 17 de agosto, como a vil\u00e3 Vanessa em &#8220;Por Voc\u00ea&#8221;, marcando seu reencontro com a dramaturgia ap\u00f3s cinco anos afastada da televis\u00e3o aberta. A atriz interpreta uma m\u00e9dica anestesista ambiciosa e vaidosa que herdou o Hospital &amp; Maternidade Luz e entra em conflito direto com a protagonista Bela, vivida por Sheron Menezzes.<\/p>\n<p>Vanessa \u00e9 filha de P\u00e9rola, personagem de Renata Sorrah, e esposa de Gabriel, interpretado por Thiago Lacerda. Segundo fontes do Gshow, a personagem abandona a pr\u00e1tica cl\u00ednica para assumir a administra\u00e7\u00e3o da maternidade, onde demonstra preconceitos e elitismo ao tentar aproximar a cl\u00ednica de um p\u00fablico de alto poder aquisitivo. Em entrevista ao G1, Alinne descreveu sua vil\u00e3 como &#8220;elitista&#8221; e &#8220;racista&#8221;, afirmando que &#8220;ela deveria estar presa&#8221;.<\/p>\n<figure><img decoding=\"async\" src=\"https:\/\/vcfaz.tv\/wp\/wp-content\/uploads\/2026\/08\/alinne-moraes-por-voce-vila-inline-1.webp\" alt=\"A woman in professional medical attire standing in a modern hospital corridor, harsh lighting casting shadows on her face, an air of cold ambition and superiority\" loading=\"lazy\"><\/figure>\n<p>O retorno marca a quinta vil\u00e3 da carreira da atriz. Antes de Vanessa, ela interpretou S\u00edlvia em &#8220;Duas Caras&#8221; (2007), Diana em &#8220;Rock Story&#8221; (2016), Isabel em &#8220;Espelho da Vida&#8221; (2018) e B\u00e1rbara em &#8220;Um Lugar ao Sol&#8221; (2021). De acordo com Terra, a \u00faltima apari\u00e7\u00e3o de Alinne em uma novela in\u00e9dita da TV aberta foi justamente em &#8220;Um Lugar ao Sol&#8221;, que foi exibida entre 2021 e 2022. Durante esse per\u00edodo afastado, ela trabalhou em projetos como a s\u00e9rie &#8220;Guerreiros do Sol&#8221; no Globoplay e em produ\u00e7\u00f5es cinematogr\u00e1ficas.<\/p>\n<p>Em entrevista ao Not\u00edcias da TV, Alinne admitiu fasc\u00ednio pela liberdade que pap\u00e9is de vil\u00e3 proporcionam. Ao UOL, ela afirmou que Vanessa \u00e9 &#8220;uma vil\u00e3 muito humana&#8221;, com &#8220;um car\u00e1ter um pouco duvidoso&#8221;. A atriz tamb\u00e9m revelou ao Gshow que seu filho Pedro a ajuda nos bastidores, participando da escolha de figurinos e dos ensaios para a nova novela.<\/p>\n<figure><img decoding=\"async\" src=\"https:\/\/vcfaz.tv\/wp\/wp-content\/uploads\/2026\/08\/alinne-moraes-por-voce-vila-inline-2.webp\" alt=\"Close-up of a woman's face showing a cold, calculating expression with perfectly styled blonde hair and makeup, surgical gloves visible at the edge of the frame\" loading=\"lazy\"><\/figure>\n<p>&#8220;Por Voc\u00ea&#8221; sucede &#8220;Cora\u00e7\u00e3o Acelerado&#8221; na faixa das 19h da Globo e marca tamb\u00e9m o retorno de outros nomes veteranos \u00e0 dramaturgia. <a href=\"https:\/\/vcfaz.tv\/wp\/ana-rosa-volta-novelas-globo-por-voce\/\">Ana Rosa,<\/a> aos 84 anos, volta \u00e0s novelas ap\u00f3s 10 anos para interpretar Iracema, personagem protetora e confidente da protagonista. A novela \u00e9 escrita por Dino Cantelli e Juliana Peres e promete explorar temas de medicina, maternidade e conflitos familiares no cen\u00e1rio do Hospital &amp; Maternidade Luz.<\/p>\n<p>A atriz tem se mostrado mais seletiva em sua carreira nos \u00faltimos anos, escolhendo projetos que ofere\u00e7am desafios criativos. Segundo entrevista \u00e0 Helo\u00edsa Tolipan, ela afirmou: &#8220;Amo fazer novela&#8221;. <a href=\"https:\/\/vcfaz.tv\/wp\/por-voce-globo-sheron-menezzes\/\">A novela<\/a> &#8220;Por Voc\u00ea&#8221; estreia na Globo com Sheron Menezzes em papel de m\u00e3e adotiva, e promete movimentar a audi\u00eancia com as tramas de antagonismo entre Vanessa e Bela, que j\u00e1 come\u00e7am a gerar expectativa entre f\u00e3s nas redes sociais.<\/p>\n<h3>Fontes<\/h3>\n<ul>\n<li><strong>G1<\/strong> \u2014 Alinne Moraes defini vil\u00e3 como &#8220;elitista, racista&#8221; e afirmou que personagem &#8220;deveria estar presa&#8221;<\/li>\n<li><strong>Not\u00edcias da TV<\/strong> \u2014 Alinne Moraes admitiu fasc\u00ednio pela liberdade do papel de vil\u00e3<\/li>\n<li><strong>Terra<\/strong> \u2014 Confirmou que Alinne quebra jejum de cinco anos e volta \u00e0 Globo como Vanessa, sua quinta antagonista na televis\u00e3o<\/li>\n<li><strong>Gshow<\/strong> \u2014 Revelou que o filho Pedro ajuda nos bastidores com figurinos e ensaios; tamb\u00e9m forneceu descri\u00e7\u00e3o oficial da personagem Vanessa<\/li>\n<li><strong>UOL Splash<\/strong> \u2014 Alinne afirmou que Vanessa \u00e9 &#8220;uma vil\u00e3 muito humana&#8221; com &#8220;car\u00e1ter um pouco duvidoso&#8221;<\/li>\n<li><strong>Folha\/F5<\/strong> \u2014 Descreveu Vanessa como m\u00e9dica anestesista que tenta aproximar sua cl\u00ednica de p\u00fablico de alto poder aquisitivo e entra em conflito com a m\u00e3e<\/li>\n<li><strong>O Dia<\/strong> \u2014 Confirmou que &#8220;Por Voc\u00ea&#8221; \u00e9 a quinta vil\u00e3 da carreira de Alinne Moraes e listou seus pap\u00e9is anteriores<\/li>\n<li><strong>Helo\u00edsa Tolipan<\/strong> \u2014 Alinne afirmou estar mais seletiva na carreira e que &#8220;amo fazer novela&#8221;<\/li>\n<\/ul>\n\n\n<div class=\"kk-star-ratings kksr-auto kksr-align-left kksr-valign-bottom\"\n    data-payload='{&quot;align&quot;:&quot;left&quot;,&quot;id&quot;:&quot;9537&quot;,&quot;slug&quot;:&quot;default&quot;,&quot;valign&quot;:&quot;bottom&quot;,&quot;ignore&quot;:&quot;&quot;,&quot;reference&quot;:&quot;auto&quot;,&quot;class&quot;:&quot;&quot;,&quot;count&quot;:&quot;0&quot;,&quot;legendonly&quot;:&quot;&quot;,&quot;readonly&quot;:&quot;&quot;,&quot;score&quot;:&quot;0&quot;,&quot;starsonly&quot;:&quot;&quot;,&quot;best&quot;:&quot;5&quot;,&quot;gap&quot;:&quot;5&quot;,&quot;greet&quot;:&quot;Avaliar esta publica\u00e7\u00e3o&quot;,&quot;legend&quot;:&quot;0\\\/5 - (0 voto)&quot;,&quot;size&quot;:&quot;22&quot;,&quot;title&quot;:&quot;Alinne Moraes volta \u00e0s novelas como vil\u00e3 em \\u0026quot;Por Voc\u00ea\\u0026quot;&quot;,&quot;width&quot;:&quot;0&quot;,&quot;_legend&quot;:&quot;{score}\\\/{best} - ({count} {votes})&quot;,&quot;font_factor&quot;:&quot;1.25&quot;}'>\n            \n<div class=\"kksr-stars\">\n    \n<div class=\"kksr-stars-inactive\">\n            <div class=\"kksr-star\" data-star=\"1\" style=\"padding-right: 5px\">\n            \n\n<div class=\"kksr-icon\" style=\"width: 22px; height: 22px;\"><\/div>\n        <\/div>\n            <div class=\"kksr-star\" data-star=\"2\" style=\"padding-right: 5px\">\n            \n\n<div class=\"kksr-icon\" style=\"width: 22px; height: 22px;\"><\/div>\n        <\/div>\n            <div class=\"kksr-star\" data-star=\"3\" style=\"padding-right: 5px\">\n            \n\n<div class=\"kksr-icon\" style=\"width: 22px; height: 22px;\"><\/div>\n        <\/div>\n            <div class=\"kksr-star\" data-star=\"4\" style=\"padding-right: 5px\">\n            \n\n<div class=\"kksr-icon\" style=\"width: 22px; height: 22px;\"><\/div>\n        <\/div>\n            <div class=\"kksr-star\" data-star=\"5\" style=\"padding-right: 5px\">\n            \n\n<div class=\"kksr-icon\" style=\"width: 22px; height: 22px;\"><\/div>\n        <\/div>\n    <\/div>\n    \n<div class=\"kksr-stars-active\" style=\"width: 0px;\">\n            <div class=\"kksr-star\" style=\"padding-right: 5px\">\n            \n\n<div class=\"kksr-icon\" style=\"width: 22px; height: 22px;\"><\/div>\n        <\/div>\n            <div class=\"kksr-star\" style=\"padding-right: 5px\">\n            \n\n<div class=\"kksr-icon\" style=\"width: 22px; height: 22px;\"><\/div>\n        <\/div>\n            <div class=\"kksr-star\" style=\"padding-right: 5px\">\n            \n\n<div class=\"kksr-icon\" style=\"width: 22px; height: 22px;\"><\/div>\n        <\/div>\n            <div class=\"kksr-star\" style=\"padding-right: 5px\">\n            \n\n<div class=\"kksr-icon\" style=\"width: 22px; height: 22px;\"><\/div>\n        <\/div>\n            <div class=\"kksr-star\" style=\"padding-right: 5px\">\n            \n\n<div class=\"kksr-icon\" style=\"width: 22px; height: 22px;\"><\/div>\n        <\/div>\n    <\/div>\n<\/div>\n                \n\n<div class=\"kksr-legend\" style=\"font-size: 17.6px;\">\n            <span class=\"kksr-muted\">Avaliar esta publica\u00e7\u00e3o<\/span>\n    <\/div>\n    <\/div>\n","protected":false},"excerpt":{"rendered":"<p>A atriz interpreta Vanessa, sua quinta vil\u00e3 na televis\u00e3o, ap\u00f3s cinco anos afastada das novelas in\u00e9ditas da TV aberta.<\/p>\n","protected":false},"author":18,"featured_media":9534,"comment_status":"open","ping_status":"open","sticky":false,"template":"","format":"standard","meta":{"footnotes":""},"categories":[12],"tags":[],"class_list":["post-9537","post","type-post","status-publish","format-standard","has-post-thumbnail","hentry","category-tendencia"],"yoast_head":"<!-- This site is optimized with the Yoast SEO plugin v26.8 - https:\/\/yoast.com\/product\/yoast-seo-wordpress\/ -->\n<title>Alinne Moraes volta \u00e0s novelas como vil\u00e3 em &quot;Por Voc\u00ea&quot;<\/title>\n<meta name=\"description\" content=\"A atriz interpreta Vanessa, sua quinta vil\u00e3 na televis\u00e3o, ap\u00f3s cinco anos afastada das novelas in\u00e9ditas da TV aberta.\" \/>\n<meta name=\"robots\" content=\"index, follow, max-snippet:-1, max-image-preview:large, max-video-preview:-1\" \/>\n<link rel=\"canonical\" href=\"https:\/\/vcfaz.tv\/wp\/alinne-moraes-por-voce-vila\/\" \/>\n<script type=\"application\/ld+json\" class=\"yoast-schema-graph\">{\"@context\":\"https:\/\/schema.org\",\"@graph\":[{\"@type\":\"Article\",\"@id\":\"https:\/\/vcfaz.tv\/wp\/alinne-moraes-por-voce-vila\/#article\",\"isPartOf\":{\"@id\":\"https:\/\/vcfaz.tv\/wp\/alinne-moraes-por-voce-vila\/\"},\"author\":{\"name\":\"Alba Baptista\",\"@id\":\"https:\/\/vcfaz.tv\/wp\/#\/schema\/person\/930ed4c1728afa668bb9999d2454b55c\"},\"headline\":\"Alinne Moraes volta \u00e0s novelas como vil\u00e3 em &#8220;Por Voc\u00ea&#8221;\",\"datePublished\":\"2026-08-30T09:22:39+00:00\",\"mainEntityOfPage\":{\"@id\":\"https:\/\/vcfaz.tv\/wp\/alinne-moraes-por-voce-vila\/\"},\"wordCount\":597,\"commentCount\":0,\"publisher\":{\"@id\":\"https:\/\/vcfaz.tv\/wp\/#organization\"},\"image\":{\"@id\":\"https:\/\/vcfaz.tv\/wp\/alinne-moraes-por-voce-vila\/#primaryimage\"},\"thumbnailUrl\":\"https:\/\/vcfaz.tv\/wp\/wp-content\/uploads\/2026\/08\/alinne-moraes-por-voce-vila.webp\",\"articleSection\":[\"Tendencia\"],\"inLanguage\":\"pt-BR\",\"potentialAction\":[{\"@type\":\"CommentAction\",\"name\":\"Comment\",\"target\":[\"https:\/\/vcfaz.tv\/wp\/alinne-moraes-por-voce-vila\/#respond\"]}]},{\"@type\":\"WebPage\",\"@id\":\"https:\/\/vcfaz.tv\/wp\/alinne-moraes-por-voce-vila\/\",\"url\":\"https:\/\/vcfaz.tv\/wp\/alinne-moraes-por-voce-vila\/\",\"name\":\"Alinne Moraes volta \u00e0s novelas como vil\u00e3 em \\\"Por Voc\u00ea\\\"\",\"isPartOf\":{\"@id\":\"https:\/\/vcfaz.tv\/wp\/#website\"},\"primaryImageOfPage\":{\"@id\":\"https:\/\/vcfaz.tv\/wp\/alinne-moraes-por-voce-vila\/#primaryimage\"},\"image\":{\"@id\":\"https:\/\/vcfaz.tv\/wp\/alinne-moraes-por-voce-vila\/#primaryimage\"},\"thumbnailUrl\":\"https:\/\/vcfaz.tv\/wp\/wp-content\/uploads\/2026\/08\/alinne-moraes-por-voce-vila.webp\",\"datePublished\":\"2026-08-30T09:22:39+00:00\",\"description\":\"A atriz interpreta Vanessa, sua quinta vil\u00e3 na televis\u00e3o, ap\u00f3s cinco anos afastada das novelas in\u00e9ditas da TV aberta.\",\"breadcrumb\":{\"@id\":\"https:\/\/vcfaz.tv\/wp\/alinne-moraes-por-voce-vila\/#breadcrumb\"},\"inLanguage\":\"pt-BR\",\"potentialAction\":[{\"@type\":\"ReadAction\",\"target\":[\"https:\/\/vcfaz.tv\/wp\/alinne-moraes-por-voce-vila\/\"]}]},{\"@type\":\"ImageObject\",\"inLanguage\":\"pt-BR\",\"@id\":\"https:\/\/vcfaz.tv\/wp\/alinne-moraes-por-voce-vila\/#primaryimage\",\"url\":\"https:\/\/vcfaz.tv\/wp\/wp-content\/uploads\/2026\/08\/alinne-moraes-por-voce-vila.webp\",\"contentUrl\":\"https:\/\/vcfaz.tv\/wp\/wp-content\/uploads\/2026\/08\/alinne-moraes-por-voce-vila.webp\",\"width\":1200,\"height\":1803,\"caption\":\"Photo : Alex Carvalho from Rio de Janeiro, Brasil, CC BY-SA 2.0, via Wikimedia Commons\"},{\"@type\":\"BreadcrumbList\",\"@id\":\"https:\/\/vcfaz.tv\/wp\/alinne-moraes-por-voce-vila\/#breadcrumb\",\"itemListElement\":[{\"@type\":\"ListItem\",\"position\":1,\"name\":\"Accueil\",\"item\":\"https:\/\/vcfaz.tv\/wp\/\"},{\"@type\":\"ListItem\",\"position\":2,\"name\":\"Alinne Moraes volta \u00e0s novelas como vil\u00e3 em &#8220;Por Voc\u00ea&#8221;\"}]},{\"@type\":\"WebSite\",\"@id\":\"https:\/\/vcfaz.tv\/wp\/#website\",\"url\":\"https:\/\/vcfaz.tv\/wp\/\",\"name\":\"VCFAZ.TV\",\"description\":\"\",\"publisher\":{\"@id\":\"https:\/\/vcfaz.tv\/wp\/#organization\"},\"potentialAction\":[{\"@type\":\"SearchAction\",\"target\":{\"@type\":\"EntryPoint\",\"urlTemplate\":\"https:\/\/vcfaz.tv\/wp\/?s={search_term_string}\"},\"query-input\":{\"@type\":\"PropertyValueSpecification\",\"valueRequired\":true,\"valueName\":\"search_term_string\"}}],\"inLanguage\":\"pt-BR\"},{\"@type\":\"Organization\",\"@id\":\"https:\/\/vcfaz.tv\/wp\/#organization\",\"name\":\"VCFAZ.TV\",\"url\":\"https:\/\/vcfaz.tv\/wp\/\",\"logo\":{\"@type\":\"ImageObject\",\"inLanguage\":\"pt-BR\",\"@id\":\"https:\/\/vcfaz.tv\/wp\/#\/schema\/logo\/image\/\",\"url\":\"https:\/\/vcfaz.tv\/wp\/wp-content\/uploads\/2024\/12\/vcfaz.tv-logo-406.jpg\",\"contentUrl\":\"https:\/\/vcfaz.tv\/wp\/wp-content\/uploads\/2024\/12\/vcfaz.tv-logo-406.jpg\",\"width\":406,\"height\":72,\"caption\":\"VCFAZ.TV\"},\"image\":{\"@id\":\"https:\/\/vcfaz.tv\/wp\/#\/schema\/logo\/image\/\"}},{\"@type\":\"Person\",\"@id\":\"https:\/\/vcfaz.tv\/wp\/#\/schema\/person\/930ed4c1728afa668bb9999d2454b55c\",\"name\":\"Alba Baptista\",\"image\":{\"@type\":\"ImageObject\",\"inLanguage\":\"pt-BR\",\"@id\":\"https:\/\/vcfaz.tv\/wp\/#\/schema\/person\/image\/\",\"url\":\"https:\/\/secure.gravatar.com\/avatar\/6c87f544660e3b47250974d71b36c961?s=96&d=mm&r=g\",\"contentUrl\":\"https:\/\/secure.gravatar.com\/avatar\/6c87f544660e3b47250974d71b36c961?s=96&d=mm&r=g\",\"caption\":\"Alba Baptista\"},\"description\":\"Especialista em m\u00eddia digital e televis\u00e3o, Alba Baptista traz uma expertise detalhada para a categoria \\\"TV\\\" do VCFAZ.TV. Natural de Lisboa, ela explora as \u00faltimas tend\u00eancias em programa\u00e7\u00e3o televisiva, oferecendo cr\u00edticas e an\u00e1lises que capturam e informam os entusiastas da TV.\",\"sameAs\":[\"https:\/\/vcfaz.tv\/wp\/author\/alba-baptista\/\"],\"url\":\"https:\/\/vcfaz.tv\/wp\/author\/alba-baptista\/\"}]}<\/script>\n<!-- \/ Yoast SEO plugin. -->","yoast_head_json":{"title":"Alinne Moraes volta \u00e0s novelas como vil\u00e3 em \"Por Voc\u00ea\"","description":"A atriz interpreta Vanessa, sua quinta vil\u00e3 na televis\u00e3o, ap\u00f3s cinco anos afastada das novelas in\u00e9ditas da TV aberta.","robots":{"index":"index","follow":"follow","max-snippet":"max-snippet:-1","max-image-preview":"max-image-preview:large","max-video-preview":"max-video-preview:-1"},"canonical":"https:\/\/vcfaz.tv\/wp\/alinne-moraes-por-voce-vila\/","schema":{"@context":"https:\/\/schema.org","@graph":[{"@type":"Article","@id":"https:\/\/vcfaz.tv\/wp\/alinne-moraes-por-voce-vila\/#article","isPartOf":{"@id":"https:\/\/vcfaz.tv\/wp\/alinne-moraes-por-voce-vila\/"},"author":{"name":"Alba Baptista","@id":"https:\/\/vcfaz.tv\/wp\/#\/schema\/person\/930ed4c1728afa668bb9999d2454b55c"},"headline":"Alinne Moraes volta \u00e0s novelas como vil\u00e3 em &#8220;Por Voc\u00ea&#8221;","datePublished":"2026-08-30T09:22:39+00:00","mainEntityOfPage":{"@id":"https:\/\/vcfaz.tv\/wp\/alinne-moraes-por-voce-vila\/"},"wordCount":597,"commentCount":0,"publisher":{"@id":"https:\/\/vcfaz.tv\/wp\/#organization"},"image":{"@id":"https:\/\/vcfaz.tv\/wp\/alinne-moraes-por-voce-vila\/#primaryimage"},"thumbnailUrl":"https:\/\/vcfaz.tv\/wp\/wp-content\/uploads\/2026\/08\/alinne-moraes-por-voce-vila.webp","articleSection":["Tendencia"],"inLanguage":"pt-BR","potentialAction":[{"@type":"CommentAction","name":"Comment","target":["https:\/\/vcfaz.tv\/wp\/alinne-moraes-por-voce-vila\/#respond"]}]},{"@type":"WebPage","@id":"https:\/\/vcfaz.tv\/wp\/alinne-moraes-por-voce-vila\/","url":"https:\/\/vcfaz.tv\/wp\/alinne-moraes-por-voce-vila\/","name":"Alinne Moraes volta \u00e0s novelas como vil\u00e3 em \"Por Voc\u00ea\"","isPartOf":{"@id":"https:\/\/vcfaz.tv\/wp\/#website"},"primaryImageOfPage":{"@id":"https:\/\/vcfaz.tv\/wp\/alinne-moraes-por-voce-vila\/#primaryimage"},"image":{"@id":"https:\/\/vcfaz.tv\/wp\/alinne-moraes-por-voce-vila\/#primaryimage"},"thumbnailUrl":"https:\/\/vcfaz.tv\/wp\/wp-content\/uploads\/2026\/08\/alinne-moraes-por-voce-vila.webp","datePublished":"2026-08-30T09:22:39+00:00","description":"A atriz interpreta Vanessa, sua quinta vil\u00e3 na televis\u00e3o, ap\u00f3s cinco anos afastada das novelas in\u00e9ditas da TV aberta.","breadcrumb":{"@id":"https:\/\/vcfaz.tv\/wp\/alinne-moraes-por-voce-vila\/#breadcrumb"},"inLanguage":"pt-BR","potentialAction":[{"@type":"ReadAction","target":["https:\/\/vcfaz.tv\/wp\/alinne-moraes-por-voce-vila\/"]}]},{"@type":"ImageObject","inLanguage":"pt-BR","@id":"https:\/\/vcfaz.tv\/wp\/alinne-moraes-por-voce-vila\/#primaryimage","url":"https:\/\/vcfaz.tv\/wp\/wp-content\/uploads\/2026\/08\/alinne-moraes-por-voce-vila.webp","contentUrl":"https:\/\/vcfaz.tv\/wp\/wp-content\/uploads\/2026\/08\/alinne-moraes-por-voce-vila.webp","width":1200,"height":1803,"caption":"Photo : Alex Carvalho from Rio de Janeiro, Brasil, CC BY-SA 2.0, via Wikimedia Commons"},{"@type":"BreadcrumbList","@id":"https:\/\/vcfaz.tv\/wp\/alinne-moraes-por-voce-vila\/#breadcrumb","itemListElement":[{"@type":"ListItem","position":1,"name":"Accueil","item":"https:\/\/vcfaz.tv\/wp\/"},{"@type":"ListItem","position":2,"name":"Alinne Moraes volta \u00e0s novelas como vil\u00e3 em &#8220;Por Voc\u00ea&#8221;"}]},{"@type":"WebSite","@id":"https:\/\/vcfaz.tv\/wp\/#website","url":"https:\/\/vcfaz.tv\/wp\/","name":"VCFAZ.TV","description":"","publisher":{"@id":"https:\/\/vcfaz.tv\/wp\/#organization"},"potentialAction":[{"@type":"SearchAction","target":{"@type":"EntryPoint","urlTemplate":"https:\/\/vcfaz.tv\/wp\/?s={search_term_string}"},"query-input":{"@type":"PropertyValueSpecification","valueRequired":true,"valueName":"search_term_string"}}],"inLanguage":"pt-BR"},{"@type":"Organization","@id":"https:\/\/vcfaz.tv\/wp\/#organization","name":"VCFAZ.TV","url":"https:\/\/vcfaz.tv\/wp\/","logo":{"@type":"ImageObject","inLanguage":"pt-BR","@id":"https:\/\/vcfaz.tv\/wp\/#\/schema\/logo\/image\/","url":"https:\/\/vcfaz.tv\/wp\/wp-content\/uploads\/2024\/12\/vcfaz.tv-logo-406.jpg","contentUrl":"https:\/\/vcfaz.tv\/wp\/wp-content\/uploads\/2024\/12\/vcfaz.tv-logo-406.jpg","width":406,"height":72,"caption":"VCFAZ.TV"},"image":{"@id":"https:\/\/vcfaz.tv\/wp\/#\/schema\/logo\/image\/"}},{"@type":"Person","@id":"https:\/\/vcfaz.tv\/wp\/#\/schema\/person\/930ed4c1728afa668bb9999d2454b55c","name":"Alba Baptista","image":{"@type":"ImageObject","inLanguage":"pt-BR","@id":"https:\/\/vcfaz.tv\/wp\/#\/schema\/person\/image\/","url":"https:\/\/secure.gravatar.com\/avatar\/6c87f544660e3b47250974d71b36c961?s=96&d=mm&r=g","contentUrl":"https:\/\/secure.gravatar.com\/avatar\/6c87f544660e3b47250974d71b36c961?s=96&d=mm&r=g","caption":"Alba Baptista"},"description":"Especialista em m\u00eddia digital e televis\u00e3o, Alba Baptista traz uma expertise detalhada para a categoria \"TV\" do VCFAZ.TV. Natural de Lisboa, ela explora as \u00faltimas tend\u00eancias em programa\u00e7\u00e3o televisiva, oferecendo cr\u00edticas e an\u00e1lises que capturam e informam os entusiastas da TV.","sameAs":["https:\/\/vcfaz.tv\/wp\/author\/alba-baptista\/"],"url":"https:\/\/vcfaz.tv\/wp\/author\/alba-baptista\/"}]}},"_links":{"self":[{"href":"https:\/\/vcfaz.tv\/wp\/wp-json\/wp\/v2\/posts\/9537","targetHints":{"allow":["GET"]}}],"collection":[{"href":"https:\/\/vcfaz.tv\/wp\/wp-json\/wp\/v2\/posts"}],"about":[{"href":"https:\/\/vcfaz.tv\/wp\/wp-json\/wp\/v2\/types\/post"}],"author":[{"embeddable":true,"href":"https:\/\/vcfaz.tv\/wp\/wp-json\/wp\/v2\/users\/18"}],"replies":[{"embeddable":true,"href":"https:\/\/vcfaz.tv\/wp\/wp-json\/wp\/v2\/comments?post=9537"}],"version-history":[{"count":0,"href":"https:\/\/vcfaz.tv\/wp\/wp-json\/wp\/v2\/posts\/9537\/revisions"}],"wp:featuredmedia":[{"embeddable":true,"href":"https:\/\/vcfaz.tv\/wp\/wp-json\/wp\/v2\/media\/9534"}],"wp:attachment":[{"href":"https:\/\/vcfaz.tv\/wp\/wp-json\/wp\/v2\/media?parent=9537"}],"wp:term":[{"taxonomy":"category","embeddable":true,"href":"https:\/\/vcfaz.tv\/wp\/wp-json\/wp\/v2\/categories?post=9537"},{"taxonomy":"post_tag","embeddable":true,"href":"https:\/\/vcfaz.tv\/wp\/wp-json\/wp\/v2\/tags?post=9537"}],"curies":[{"name":"wp","href":"https:\/\/api.w.org\/{rel}","templated":true}]}}