{"id":9539,"date":"2026-08-30T07:20:21","date_gmt":"2026-08-30T10:20:21","guid":{"rendered":"https:\/\/vcfaz.tv\/wp\/michelle-monaghan-whisper-man-premiere\/"},"modified":"2026-08-30T07:20:21","modified_gmt":"2026-08-30T10:20:21","slug":"michelle-monaghan-whisper-man-premiere","status":"publish","type":"post","link":"https:\/\/vcfaz.tv\/wp\/michelle-monaghan-whisper-man-premiere\/","title":{"rendered":"Michelle Monaghan brilha na estreia de &#8220;The Whisper Man&#8221; em Nova York"},"content":{"rendered":"<p>Michelle Monaghan brilhou na estreia de &#8220;The Whisper Man&#8221; em Nova York no dia 24 de agosto, comparecendo ao evento de lan\u00e7amento no The Paris Theatre com um visual impec\u00e1vel que chamou aten\u00e7\u00e3o na passarela vermelha.<\/p>\n<p>A atriz usou um vestido preto e branco da cole\u00e7\u00e3o Bevza Resort 2027, um modelo de shell-bra com detalhes sofisticados que real\u00e7ou seu estilo elegante na noite do evento. Monaghan posou para fotos ao lado de seus colegas de elenco, incluindo Robert De Niro e Adam Scott, em um momento que marcou a celebra\u00e7\u00e3o do novo filme da Netflix.<\/p>\n<p>&#8220;The Whisper Man&#8221; \u00e9 uma adapta\u00e7\u00e3o cinematogr\u00e1fica baseada no romance de sucesso de Alex North. O filme, que estreou na plataforma de streaming no dia 28 de agosto, \u00e9 um thriller psicol\u00f3gico que re\u00fane um elenco de peso, com De Niro, Monaghan e Scott nos pap\u00e9is principais. A produ\u00e7\u00e3o foi dirigida por James Ashcroft e segue a hist\u00f3ria de um pai enlutado e seu filho que se mudam para uma pequena cidade aterrorizada por um assassino em s\u00e9rie.<\/p>\n<p>A presen\u00e7a de Monaghan em &#8220;The Whisper Man&#8221; marca mais um papel importante para a atriz em 2026, ano em que ela tamb\u00e9m ganhou destaque com <a href=\"https:\/\/vcfaz.tv\/wp\/outer-banks-temporada-5-estreia-netflix\/\">a plataforma<\/a> de streaming que continua apostando em conte\u00fado de qualidade. O filme chega em um momento em que a Netflix refor\u00e7a seu cat\u00e1logo de thrillers e dramas para o p\u00fablico brasileiro e internacional, consolidando sua posi\u00e7\u00e3o como plataforma de refer\u00eancia para produ\u00e7\u00f5es de impacto.<\/p>\n<h3>Fontes<\/h3>\n<ul>\n<li><strong>People<\/strong> \u2014 cobertura da estreia de &#8220;The Whisper Man&#8221; em Nova York com declara\u00e7\u00f5es de Michelle Monaghan<\/li>\n<li><strong>Netflix Tudum<\/strong> \u2014 informa\u00e7\u00f5es sobre a data de lan\u00e7amento e elenco de &#8220;The Whisper Man&#8221;<\/li>\n<li><strong>Tom and Lorenzo<\/strong> \u2014 cobertura da passarela vermelha de &#8220;The Whisper Man&#8221; com detalhes de moda<\/li>\n<li><strong>Getty Images \/ Reuters<\/strong> \u2014 fotos oficiais da estreia e confirma\u00e7\u00e3o de data e local do evento<\/li>\n<li><strong>The Fashionista Stories<\/strong> \u2014 detalhes sobre o vestido Bevza usado por Michelle Monaghan<\/li>\n<\/ul>\n\n\n<div class=\"kk-star-ratings kksr-auto kksr-align-left kksr-valign-bottom\"\n    data-payload='{&quot;align&quot;:&quot;left&quot;,&quot;id&quot;:&quot;9539&quot;,&quot;slug&quot;:&quot;default&quot;,&quot;valign&quot;:&quot;bottom&quot;,&quot;ignore&quot;:&quot;&quot;,&quot;reference&quot;:&quot;auto&quot;,&quot;class&quot;:&quot;&quot;,&quot;count&quot;:&quot;0&quot;,&quot;legendonly&quot;:&quot;&quot;,&quot;readonly&quot;:&quot;&quot;,&quot;score&quot;:&quot;0&quot;,&quot;starsonly&quot;:&quot;&quot;,&quot;best&quot;:&quot;5&quot;,&quot;gap&quot;:&quot;5&quot;,&quot;greet&quot;:&quot;Avaliar esta publica\u00e7\u00e3o&quot;,&quot;legend&quot;:&quot;0\\\/5 - (0 voto)&quot;,&quot;size&quot;:&quot;22&quot;,&quot;title&quot;:&quot;Michelle Monaghan brilha na estreia de \\u0026quot;The Whisper Man\\u0026quot; em Nova York&quot;,&quot;width&quot;:&quot;0&quot;,&quot;_legend&quot;:&quot;{score}\\\/{best} - ({count} {votes})&quot;,&quot;font_factor&quot;:&quot;1.25&quot;}'>\n            \n<div class=\"kksr-stars\">\n    \n<div class=\"kksr-stars-inactive\">\n            <div class=\"kksr-star\" data-star=\"1\" style=\"padding-right: 5px\">\n            \n\n<div class=\"kksr-icon\" style=\"width: 22px; height: 22px;\"><\/div>\n        <\/div>\n            <div class=\"kksr-star\" data-star=\"2\" style=\"padding-right: 5px\">\n            \n\n<div class=\"kksr-icon\" style=\"width: 22px; height: 22px;\"><\/div>\n        <\/div>\n            <div class=\"kksr-star\" data-star=\"3\" style=\"padding-right: 5px\">\n            \n\n<div class=\"kksr-icon\" style=\"width: 22px; height: 22px;\"><\/div>\n        <\/div>\n            <div class=\"kksr-star\" data-star=\"4\" style=\"padding-right: 5px\">\n            \n\n<div class=\"kksr-icon\" style=\"width: 22px; height: 22px;\"><\/div>\n        <\/div>\n            <div class=\"kksr-star\" data-star=\"5\" style=\"padding-right: 5px\">\n            \n\n<div class=\"kksr-icon\" style=\"width: 22px; height: 22px;\"><\/div>\n        <\/div>\n    <\/div>\n    \n<div class=\"kksr-stars-active\" style=\"width: 0px;\">\n            <div class=\"kksr-star\" style=\"padding-right: 5px\">\n            \n\n<div class=\"kksr-icon\" style=\"width: 22px; height: 22px;\"><\/div>\n        <\/div>\n            <div class=\"kksr-star\" style=\"padding-right: 5px\">\n            \n\n<div class=\"kksr-icon\" style=\"width: 22px; height: 22px;\"><\/div>\n        <\/div>\n            <div class=\"kksr-star\" style=\"padding-right: 5px\">\n            \n\n<div class=\"kksr-icon\" style=\"width: 22px; height: 22px;\"><\/div>\n        <\/div>\n            <div class=\"kksr-star\" style=\"padding-right: 5px\">\n            \n\n<div class=\"kksr-icon\" style=\"width: 22px; height: 22px;\"><\/div>\n        <\/div>\n            <div class=\"kksr-star\" style=\"padding-right: 5px\">\n            \n\n<div class=\"kksr-icon\" style=\"width: 22px; height: 22px;\"><\/div>\n        <\/div>\n    <\/div>\n<\/div>\n                \n\n<div class=\"kksr-legend\" style=\"font-size: 17.6px;\">\n            <span class=\"kksr-muted\">Avaliar esta publica\u00e7\u00e3o<\/span>\n    <\/div>\n    <\/div>\n","protected":false},"excerpt":{"rendered":"<p>O thriller psicol\u00f3gico com Robert De Niro e Adam Scott estreou na Netflix dois dias depois da celebra\u00e7\u00e3o da estreia em Nova York.<\/p>\n","protected":false},"author":16,"featured_media":9538,"comment_status":"open","ping_status":"open","sticky":false,"template":"","format":"standard","meta":{"footnotes":""},"categories":[12],"tags":[],"class_list":["post-9539","post","type-post","status-publish","format-standard","has-post-thumbnail","hentry","category-tendencia"],"yoast_head":"<!-- This site is optimized with the Yoast SEO plugin v26.8 - https:\/\/yoast.com\/product\/yoast-seo-wordpress\/ -->\n<title>Michelle Monaghan brilha na estreia de &quot;The Whisper Man&quot; em Nova York<\/title>\n<meta name=\"description\" content=\"O thriller psicol\u00f3gico com Robert De Niro e Adam Scott estreou na Netflix dois dias depois da celebra\u00e7\u00e3o da estreia em Nova York.\" \/>\n<meta name=\"robots\" content=\"index, follow, max-snippet:-1, max-image-preview:large, max-video-preview:-1\" \/>\n<link rel=\"canonical\" href=\"https:\/\/vcfaz.tv\/wp\/michelle-monaghan-whisper-man-premiere\/\" \/>\n<script type=\"application\/ld+json\" class=\"yoast-schema-graph\">{\"@context\":\"https:\/\/schema.org\",\"@graph\":[{\"@type\":\"Article\",\"@id\":\"https:\/\/vcfaz.tv\/wp\/michelle-monaghan-whisper-man-premiere\/#article\",\"isPartOf\":{\"@id\":\"https:\/\/vcfaz.tv\/wp\/michelle-monaghan-whisper-man-premiere\/\"},\"author\":{\"name\":\"VCFAZ.TV\",\"@id\":\"https:\/\/vcfaz.tv\/wp\/#\/schema\/person\/e18a32cb2c9e6dd351cb02fbb1ffda15\"},\"headline\":\"Michelle Monaghan brilha na estreia de &#8220;The Whisper Man&#8221; em Nova York\",\"datePublished\":\"2026-08-30T10:20:21+00:00\",\"mainEntityOfPage\":{\"@id\":\"https:\/\/vcfaz.tv\/wp\/michelle-monaghan-whisper-man-premiere\/\"},\"wordCount\":350,\"commentCount\":0,\"publisher\":{\"@id\":\"https:\/\/vcfaz.tv\/wp\/#organization\"},\"image\":{\"@id\":\"https:\/\/vcfaz.tv\/wp\/michelle-monaghan-whisper-man-premiere\/#primaryimage\"},\"thumbnailUrl\":\"https:\/\/vcfaz.tv\/wp\/wp-content\/uploads\/2026\/08\/michelle-monaghan-whisper-man-premiere.webp\",\"articleSection\":[\"Tendencia\"],\"inLanguage\":\"pt-BR\",\"potentialAction\":[{\"@type\":\"CommentAction\",\"name\":\"Comment\",\"target\":[\"https:\/\/vcfaz.tv\/wp\/michelle-monaghan-whisper-man-premiere\/#respond\"]}]},{\"@type\":\"WebPage\",\"@id\":\"https:\/\/vcfaz.tv\/wp\/michelle-monaghan-whisper-man-premiere\/\",\"url\":\"https:\/\/vcfaz.tv\/wp\/michelle-monaghan-whisper-man-premiere\/\",\"name\":\"Michelle Monaghan brilha na estreia de \\\"The Whisper Man\\\" em Nova York\",\"isPartOf\":{\"@id\":\"https:\/\/vcfaz.tv\/wp\/#website\"},\"primaryImageOfPage\":{\"@id\":\"https:\/\/vcfaz.tv\/wp\/michelle-monaghan-whisper-man-premiere\/#primaryimage\"},\"image\":{\"@id\":\"https:\/\/vcfaz.tv\/wp\/michelle-monaghan-whisper-man-premiere\/#primaryimage\"},\"thumbnailUrl\":\"https:\/\/vcfaz.tv\/wp\/wp-content\/uploads\/2026\/08\/michelle-monaghan-whisper-man-premiere.webp\",\"datePublished\":\"2026-08-30T10:20:21+00:00\",\"description\":\"O thriller psicol\u00f3gico com Robert De Niro e Adam Scott estreou na Netflix dois dias depois da celebra\u00e7\u00e3o da estreia em Nova York.\",\"breadcrumb\":{\"@id\":\"https:\/\/vcfaz.tv\/wp\/michelle-monaghan-whisper-man-premiere\/#breadcrumb\"},\"inLanguage\":\"pt-BR\",\"potentialAction\":[{\"@type\":\"ReadAction\",\"target\":[\"https:\/\/vcfaz.tv\/wp\/michelle-monaghan-whisper-man-premiere\/\"]}]},{\"@type\":\"ImageObject\",\"inLanguage\":\"pt-BR\",\"@id\":\"https:\/\/vcfaz.tv\/wp\/michelle-monaghan-whisper-man-premiere\/#primaryimage\",\"url\":\"https:\/\/vcfaz.tv\/wp\/wp-content\/uploads\/2026\/08\/michelle-monaghan-whisper-man-premiere.webp\",\"contentUrl\":\"https:\/\/vcfaz.tv\/wp\/wp-content\/uploads\/2026\/08\/michelle-monaghan-whisper-man-premiere.webp\",\"width\":1200,\"height\":800,\"caption\":\"Michelle Monaghan brilha na estreia de \\\"The Whisper Man\\\" em Nova York\"},{\"@type\":\"BreadcrumbList\",\"@id\":\"https:\/\/vcfaz.tv\/wp\/michelle-monaghan-whisper-man-premiere\/#breadcrumb\",\"itemListElement\":[{\"@type\":\"ListItem\",\"position\":1,\"name\":\"Accueil\",\"item\":\"https:\/\/vcfaz.tv\/wp\/\"},{\"@type\":\"ListItem\",\"position\":2,\"name\":\"Michelle Monaghan brilha na estreia de &#8220;The Whisper Man&#8221; em Nova York\"}]},{\"@type\":\"WebSite\",\"@id\":\"https:\/\/vcfaz.tv\/wp\/#website\",\"url\":\"https:\/\/vcfaz.tv\/wp\/\",\"name\":\"VCFAZ.TV\",\"description\":\"\",\"publisher\":{\"@id\":\"https:\/\/vcfaz.tv\/wp\/#organization\"},\"potentialAction\":[{\"@type\":\"SearchAction\",\"target\":{\"@type\":\"EntryPoint\",\"urlTemplate\":\"https:\/\/vcfaz.tv\/wp\/?s={search_term_string}\"},\"query-input\":{\"@type\":\"PropertyValueSpecification\",\"valueRequired\":true,\"valueName\":\"search_term_string\"}}],\"inLanguage\":\"pt-BR\"},{\"@type\":\"Organization\",\"@id\":\"https:\/\/vcfaz.tv\/wp\/#organization\",\"name\":\"VCFAZ.TV\",\"url\":\"https:\/\/vcfaz.tv\/wp\/\",\"logo\":{\"@type\":\"ImageObject\",\"inLanguage\":\"pt-BR\",\"@id\":\"https:\/\/vcfaz.tv\/wp\/#\/schema\/logo\/image\/\",\"url\":\"https:\/\/vcfaz.tv\/wp\/wp-content\/uploads\/2024\/12\/vcfaz.tv-logo-406.jpg\",\"contentUrl\":\"https:\/\/vcfaz.tv\/wp\/wp-content\/uploads\/2024\/12\/vcfaz.tv-logo-406.jpg\",\"width\":406,\"height\":72,\"caption\":\"VCFAZ.TV\"},\"image\":{\"@id\":\"https:\/\/vcfaz.tv\/wp\/#\/schema\/logo\/image\/\"}},{\"@type\":\"Person\",\"@id\":\"https:\/\/vcfaz.tv\/wp\/#\/schema\/person\/e18a32cb2c9e6dd351cb02fbb1ffda15\",\"name\":\"VCFAZ.TV\",\"image\":{\"@type\":\"ImageObject\",\"inLanguage\":\"pt-BR\",\"@id\":\"https:\/\/vcfaz.tv\/wp\/#\/schema\/person\/image\/\",\"url\":\"https:\/\/secure.gravatar.com\/avatar\/2bf5996a545e871d3f95df6136ad34c2?s=96&d=mm&r=g\",\"contentUrl\":\"https:\/\/secure.gravatar.com\/avatar\/2bf5996a545e871d3f95df6136ad34c2?s=96&d=mm&r=g\",\"caption\":\"VCFAZ.TV\"},\"url\":\"https:\/\/vcfaz.tv\/wp\/author\/vcfaz-tv\/\"}]}<\/script>\n<!-- \/ Yoast SEO plugin. -->","yoast_head_json":{"title":"Michelle Monaghan brilha na estreia de \"The Whisper Man\" em Nova York","description":"O thriller psicol\u00f3gico com Robert De Niro e Adam Scott estreou na Netflix dois dias depois da celebra\u00e7\u00e3o da estreia em Nova York.","robots":{"index":"index","follow":"follow","max-snippet":"max-snippet:-1","max-image-preview":"max-image-preview:large","max-video-preview":"max-video-preview:-1"},"canonical":"https:\/\/vcfaz.tv\/wp\/michelle-monaghan-whisper-man-premiere\/","schema":{"@context":"https:\/\/schema.org","@graph":[{"@type":"Article","@id":"https:\/\/vcfaz.tv\/wp\/michelle-monaghan-whisper-man-premiere\/#article","isPartOf":{"@id":"https:\/\/vcfaz.tv\/wp\/michelle-monaghan-whisper-man-premiere\/"},"author":{"name":"VCFAZ.TV","@id":"https:\/\/vcfaz.tv\/wp\/#\/schema\/person\/e18a32cb2c9e6dd351cb02fbb1ffda15"},"headline":"Michelle Monaghan brilha na estreia de &#8220;The Whisper Man&#8221; em Nova York","datePublished":"2026-08-30T10:20:21+00:00","mainEntityOfPage":{"@id":"https:\/\/vcfaz.tv\/wp\/michelle-monaghan-whisper-man-premiere\/"},"wordCount":350,"commentCount":0,"publisher":{"@id":"https:\/\/vcfaz.tv\/wp\/#organization"},"image":{"@id":"https:\/\/vcfaz.tv\/wp\/michelle-monaghan-whisper-man-premiere\/#primaryimage"},"thumbnailUrl":"https:\/\/vcfaz.tv\/wp\/wp-content\/uploads\/2026\/08\/michelle-monaghan-whisper-man-premiere.webp","articleSection":["Tendencia"],"inLanguage":"pt-BR","potentialAction":[{"@type":"CommentAction","name":"Comment","target":["https:\/\/vcfaz.tv\/wp\/michelle-monaghan-whisper-man-premiere\/#respond"]}]},{"@type":"WebPage","@id":"https:\/\/vcfaz.tv\/wp\/michelle-monaghan-whisper-man-premiere\/","url":"https:\/\/vcfaz.tv\/wp\/michelle-monaghan-whisper-man-premiere\/","name":"Michelle Monaghan brilha na estreia de \"The Whisper Man\" em Nova York","isPartOf":{"@id":"https:\/\/vcfaz.tv\/wp\/#website"},"primaryImageOfPage":{"@id":"https:\/\/vcfaz.tv\/wp\/michelle-monaghan-whisper-man-premiere\/#primaryimage"},"image":{"@id":"https:\/\/vcfaz.tv\/wp\/michelle-monaghan-whisper-man-premiere\/#primaryimage"},"thumbnailUrl":"https:\/\/vcfaz.tv\/wp\/wp-content\/uploads\/2026\/08\/michelle-monaghan-whisper-man-premiere.webp","datePublished":"2026-08-30T10:20:21+00:00","description":"O thriller psicol\u00f3gico com Robert De Niro e Adam Scott estreou na Netflix dois dias depois da celebra\u00e7\u00e3o da estreia em Nova York.","breadcrumb":{"@id":"https:\/\/vcfaz.tv\/wp\/michelle-monaghan-whisper-man-premiere\/#breadcrumb"},"inLanguage":"pt-BR","potentialAction":[{"@type":"ReadAction","target":["https:\/\/vcfaz.tv\/wp\/michelle-monaghan-whisper-man-premiere\/"]}]},{"@type":"ImageObject","inLanguage":"pt-BR","@id":"https:\/\/vcfaz.tv\/wp\/michelle-monaghan-whisper-man-premiere\/#primaryimage","url":"https:\/\/vcfaz.tv\/wp\/wp-content\/uploads\/2026\/08\/michelle-monaghan-whisper-man-premiere.webp","contentUrl":"https:\/\/vcfaz.tv\/wp\/wp-content\/uploads\/2026\/08\/michelle-monaghan-whisper-man-premiere.webp","width":1200,"height":800,"caption":"Michelle Monaghan brilha na estreia de \"The Whisper Man\" em Nova York"},{"@type":"BreadcrumbList","@id":"https:\/\/vcfaz.tv\/wp\/michelle-monaghan-whisper-man-premiere\/#breadcrumb","itemListElement":[{"@type":"ListItem","position":1,"name":"Accueil","item":"https:\/\/vcfaz.tv\/wp\/"},{"@type":"ListItem","position":2,"name":"Michelle Monaghan brilha na estreia de &#8220;The Whisper Man&#8221; em Nova York"}]},{"@type":"WebSite","@id":"https:\/\/vcfaz.tv\/wp\/#website","url":"https:\/\/vcfaz.tv\/wp\/","name":"VCFAZ.TV","description":"","publisher":{"@id":"https:\/\/vcfaz.tv\/wp\/#organization"},"potentialAction":[{"@type":"SearchAction","target":{"@type":"EntryPoint","urlTemplate":"https:\/\/vcfaz.tv\/wp\/?s={search_term_string}"},"query-input":{"@type":"PropertyValueSpecification","valueRequired":true,"valueName":"search_term_string"}}],"inLanguage":"pt-BR"},{"@type":"Organization","@id":"https:\/\/vcfaz.tv\/wp\/#organization","name":"VCFAZ.TV","url":"https:\/\/vcfaz.tv\/wp\/","logo":{"@type":"ImageObject","inLanguage":"pt-BR","@id":"https:\/\/vcfaz.tv\/wp\/#\/schema\/logo\/image\/","url":"https:\/\/vcfaz.tv\/wp\/wp-content\/uploads\/2024\/12\/vcfaz.tv-logo-406.jpg","contentUrl":"https:\/\/vcfaz.tv\/wp\/wp-content\/uploads\/2024\/12\/vcfaz.tv-logo-406.jpg","width":406,"height":72,"caption":"VCFAZ.TV"},"image":{"@id":"https:\/\/vcfaz.tv\/wp\/#\/schema\/logo\/image\/"}},{"@type":"Person","@id":"https:\/\/vcfaz.tv\/wp\/#\/schema\/person\/e18a32cb2c9e6dd351cb02fbb1ffda15","name":"VCFAZ.TV","image":{"@type":"ImageObject","inLanguage":"pt-BR","@id":"https:\/\/vcfaz.tv\/wp\/#\/schema\/person\/image\/","url":"https:\/\/secure.gravatar.com\/avatar\/2bf5996a545e871d3f95df6136ad34c2?s=96&d=mm&r=g","contentUrl":"https:\/\/secure.gravatar.com\/avatar\/2bf5996a545e871d3f95df6136ad34c2?s=96&d=mm&r=g","caption":"VCFAZ.TV"},"url":"https:\/\/vcfaz.tv\/wp\/author\/vcfaz-tv\/"}]}},"_links":{"self":[{"href":"https:\/\/vcfaz.tv\/wp\/wp-json\/wp\/v2\/posts\/9539","targetHints":{"allow":["GET"]}}],"collection":[{"href":"https:\/\/vcfaz.tv\/wp\/wp-json\/wp\/v2\/posts"}],"about":[{"href":"https:\/\/vcfaz.tv\/wp\/wp-json\/wp\/v2\/types\/post"}],"author":[{"embeddable":true,"href":"https:\/\/vcfaz.tv\/wp\/wp-json\/wp\/v2\/users\/16"}],"replies":[{"embeddable":true,"href":"https:\/\/vcfaz.tv\/wp\/wp-json\/wp\/v2\/comments?post=9539"}],"version-history":[{"count":0,"href":"https:\/\/vcfaz.tv\/wp\/wp-json\/wp\/v2\/posts\/9539\/revisions"}],"wp:featuredmedia":[{"embeddable":true,"href":"https:\/\/vcfaz.tv\/wp\/wp-json\/wp\/v2\/media\/9538"}],"wp:attachment":[{"href":"https:\/\/vcfaz.tv\/wp\/wp-json\/wp\/v2\/media?parent=9539"}],"wp:term":[{"taxonomy":"category","embeddable":true,"href":"https:\/\/vcfaz.tv\/wp\/wp-json\/wp\/v2\/categories?post=9539"},{"taxonomy":"post_tag","embeddable":true,"href":"https:\/\/vcfaz.tv\/wp\/wp-json\/wp\/v2\/tags?post=9539"}],"curies":[{"name":"wp","href":"https:\/\/api.w.org\/{rel}","templated":true}]}}